{"id":971,"date":"2020-12-09T22:08:50","date_gmt":"2020-12-09T21:08:50","guid":{"rendered":"http:\/\/www.ff-liebenfels.at\/?p=971"},"modified":"2020-12-16T08:40:07","modified_gmt":"2020-12-16T07:40:07","slug":"sirenenalarm-am-09-12-2020","status":"publish","type":"post","link":"http:\/\/www.ff-liebenfels.at\/?p=971","title":{"rendered":"Sirenenalarm am 09.12.2020"},"content":{"rendered":"\n<p>Am 09.12.2020 wurden wir zweimal (11:26 Uhr und 13:22 Uhr) zu technischen Eins\u00e4tzen auf die L 68 Liemberger Landesstra\u00dfe alarmiert.<br \/>Auf einer L\u00e4nge von ca. 1,5 km st\u00fcrzten mehrere B\u00e4ume durch die hohe Schneelast auf die Fahrbahn.\u00a0 Diese wurden von uns entfernt und die Fahrbahn ges\u00e4ubert. Nach ca. 1 h konnten wir wieder in das R\u00fcsthaus einr\u00fccken.<\/p>\n<p>Wir standen im Einsatz mit:<br \/>KLFA<br \/>MZF<\/p>\n","protected":false},"excerpt":{"rendered":"<p>Am 09.12.2020 wurden wir zweimal (11:26 Uhr und 13:22 Uhr) zu technischen Eins\u00e4tzen auf die L 68 Liemberger Landesstra\u00dfe alarmiert.Auf einer L\u00e4nge von ca. 1,5 km st\u00fcrzten mehrere B\u00e4ume durch [&hellip;]<\/p>\n","protected":false},"author":9,"featured_media":159,"comment_status":"closed","ping_status":"open","sticky":false,"template":"","format":"standard","meta":{"_acf_changed":false,"footnotes":""},"categories":[8,3,5],"tags":[],"acf":[],"_links":{"self":[{"href":"http:\/\/www.ff-liebenfels.at\/index.php?rest_route=\/wp\/v2\/posts\/971"}],"collection":[{"href":"http:\/\/www.ff-liebenfels.at\/index.php?rest_route=\/wp\/v2\/posts"}],"about":[{"href":"http:\/\/www.ff-liebenfels.at\/index.php?rest_route=\/wp\/v2\/types\/post"}],"author":[{"embeddable":true,"href":"http:\/\/www.ff-liebenfels.at\/index.php?rest_route=\/wp\/v2\/users\/9"}],"replies":[{"embeddable":true,"href":"http:\/\/www.ff-liebenfels.at\/index.php?rest_route=%2Fwp%2Fv2%2Fcomments&post=971"}],"version-history":[{"count":6,"href":"http:\/\/www.ff-liebenfels.at\/index.php?rest_route=\/wp\/v2\/posts\/971\/revisions"}],"predecessor-version":[{"id":991,"href":"http:\/\/www.ff-liebenfels.at\/index.php?rest_route=\/wp\/v2\/posts\/971\/revisions\/991"}],"wp:featuredmedia":[{"embeddable":true,"href":"http:\/\/www.ff-liebenfels.at\/index.php?rest_route=\/wp\/v2\/media\/159"}],"wp:attachment":[{"href":"http:\/\/www.ff-liebenfels.at\/index.php?rest_route=%2Fwp%2Fv2%2Fmedia&parent=971"}],"wp:term":[{"taxonomy":"category","embeddable":true,"href":"http:\/\/www.ff-liebenfels.at\/index.php?rest_route=%2Fwp%2Fv2%2Fcategories&post=971"},{"taxonomy":"post_tag","embeddable":true,"href":"http:\/\/www.ff-liebenfels.at\/index.php?rest_route=%2Fwp%2Fv2%2Ftags&post=971"}],"curies":[{"name":"wp","href":"https:\/\/api.w.org\/{rel}","templated":true}]}}