{"id":722,"date":"2020-07-30T11:22:30","date_gmt":"2020-07-30T09:22:30","guid":{"rendered":"http:\/\/www.ff-liebenfels.at\/?p=722"},"modified":"2020-07-30T11:23:15","modified_gmt":"2020-07-30T09:23:15","slug":"sirenenalarm-am-29-7-2020-um-1915-uhr","status":"publish","type":"post","link":"http:\/\/www.ff-liebenfels.at\/?p=722","title":{"rendered":"Sirenenalarm am 29.7.2020 um 19:15 Uhr"},"content":{"rendered":"\n<p>Am 29.07.2020 um 19.25 Uhr wurde die Feuerwehr Liebenfels zur Behebung eines Sturmschadens in Liebenfels per Sirene alarmiert. Ein von einem Privatgrundst\u00fcck auf die Ossiacher Bundesstra\u00dfe gest\u00fcrzter Baum musste entfernt werden. Durch den Sturmschaden entstand am Dach eines Kaufhauses und an einer Stra\u00dfenlaterne Sachschaden in unbekannter H\u00f6he.<br><br><\/p>\n","protected":false},"excerpt":{"rendered":"<p>Am 29.07.2020 um 19.25 Uhr wurde die Feuerwehr Liebenfels zur Behebung eines Sturmschadens in Liebenfels per Sirene alarmiert. Ein von einem Privatgrundst\u00fcck auf die Ossiacher Bundesstra\u00dfe gest\u00fcrzter Baum musste entfernt [&hellip;]<\/p>\n","protected":false},"author":6,"featured_media":159,"comment_status":"closed","ping_status":"open","sticky":false,"template":"","format":"standard","meta":{"_acf_changed":false,"footnotes":""},"categories":[8,3,5],"tags":[],"acf":[],"_links":{"self":[{"href":"http:\/\/www.ff-liebenfels.at\/index.php?rest_route=\/wp\/v2\/posts\/722"}],"collection":[{"href":"http:\/\/www.ff-liebenfels.at\/index.php?rest_route=\/wp\/v2\/posts"}],"about":[{"href":"http:\/\/www.ff-liebenfels.at\/index.php?rest_route=\/wp\/v2\/types\/post"}],"author":[{"embeddable":true,"href":"http:\/\/www.ff-liebenfels.at\/index.php?rest_route=\/wp\/v2\/users\/6"}],"replies":[{"embeddable":true,"href":"http:\/\/www.ff-liebenfels.at\/index.php?rest_route=%2Fwp%2Fv2%2Fcomments&post=722"}],"version-history":[{"count":3,"href":"http:\/\/www.ff-liebenfels.at\/index.php?rest_route=\/wp\/v2\/posts\/722\/revisions"}],"predecessor-version":[{"id":725,"href":"http:\/\/www.ff-liebenfels.at\/index.php?rest_route=\/wp\/v2\/posts\/722\/revisions\/725"}],"wp:featuredmedia":[{"embeddable":true,"href":"http:\/\/www.ff-liebenfels.at\/index.php?rest_route=\/wp\/v2\/media\/159"}],"wp:attachment":[{"href":"http:\/\/www.ff-liebenfels.at\/index.php?rest_route=%2Fwp%2Fv2%2Fmedia&parent=722"}],"wp:term":[{"taxonomy":"category","embeddable":true,"href":"http:\/\/www.ff-liebenfels.at\/index.php?rest_route=%2Fwp%2Fv2%2Fcategories&post=722"},{"taxonomy":"post_tag","embeddable":true,"href":"http:\/\/www.ff-liebenfels.at\/index.php?rest_route=%2Fwp%2Fv2%2Ftags&post=722"}],"curies":[{"name":"wp","href":"https:\/\/api.w.org\/{rel}","templated":true}]}}