{"id":410,"date":"2019-06-19T17:49:27","date_gmt":"2019-06-19T15:49:27","guid":{"rendered":"http:\/\/www.ff-liebenfels.at\/?p=410"},"modified":"2019-06-19T18:47:48","modified_gmt":"2019-06-19T16:47:48","slug":"sirenenalarm-am-19-6-2019-um-1708-uhr","status":"publish","type":"post","link":"http:\/\/www.ff-liebenfels.at\/?p=410","title":{"rendered":"Sirenenalarm am 19.6.2019 um 17:08 Uhr"},"content":{"rendered":"\n<p>Wir wurden zusammen mit der Feuerwehr S\u00f6rg zu einem Technischen Einsatz nach S\u00f6rg alarmiert.<\/p>\n<p>Durch das Unwetter ist ein Baum auf ein fahrendes Auto gest\u00fcrzt . Der zum Gl\u00fcck nur Leichtverletzte Fahrer wurde von unserem First Resbonder erstversorgt und dann der eintreffenden Rettung \u00fcbergeben. Der Baum wurde mittels Seilwinde von der Stra\u00dfe gezogen . Nach ca. 1 h konnten wir wieder ins R\u00fcsthaus einr\u00fccken. Die weiteren Aufr\u00e4umarbeiten wurden von der Feuerwehr S\u00f6rg durchgef\u00fchrt.<\/p>\n<p>\u00a0<\/p>\n","protected":false},"excerpt":{"rendered":"<p>Wir wurden zusammen mit der Feuerwehr S\u00f6rg zu einem Technischen Einsatz nach S\u00f6rg alarmiert. Durch das Unwetter ist ein Baum auf ein fahrendes Auto gest\u00fcrzt . Der zum Gl\u00fcck nur [&hellip;]<\/p>\n","protected":false},"author":6,"featured_media":159,"comment_status":"closed","ping_status":"open","sticky":false,"template":"","format":"standard","meta":{"_acf_changed":false,"footnotes":""},"categories":[8,3,5],"tags":[],"acf":[],"_links":{"self":[{"href":"http:\/\/www.ff-liebenfels.at\/index.php?rest_route=\/wp\/v2\/posts\/410"}],"collection":[{"href":"http:\/\/www.ff-liebenfels.at\/index.php?rest_route=\/wp\/v2\/posts"}],"about":[{"href":"http:\/\/www.ff-liebenfels.at\/index.php?rest_route=\/wp\/v2\/types\/post"}],"author":[{"embeddable":true,"href":"http:\/\/www.ff-liebenfels.at\/index.php?rest_route=\/wp\/v2\/users\/6"}],"replies":[{"embeddable":true,"href":"http:\/\/www.ff-liebenfels.at\/index.php?rest_route=%2Fwp%2Fv2%2Fcomments&post=410"}],"version-history":[{"count":9,"href":"http:\/\/www.ff-liebenfels.at\/index.php?rest_route=\/wp\/v2\/posts\/410\/revisions"}],"predecessor-version":[{"id":429,"href":"http:\/\/www.ff-liebenfels.at\/index.php?rest_route=\/wp\/v2\/posts\/410\/revisions\/429"}],"wp:featuredmedia":[{"embeddable":true,"href":"http:\/\/www.ff-liebenfels.at\/index.php?rest_route=\/wp\/v2\/media\/159"}],"wp:attachment":[{"href":"http:\/\/www.ff-liebenfels.at\/index.php?rest_route=%2Fwp%2Fv2%2Fmedia&parent=410"}],"wp:term":[{"taxonomy":"category","embeddable":true,"href":"http:\/\/www.ff-liebenfels.at\/index.php?rest_route=%2Fwp%2Fv2%2Fcategories&post=410"},{"taxonomy":"post_tag","embeddable":true,"href":"http:\/\/www.ff-liebenfels.at\/index.php?rest_route=%2Fwp%2Fv2%2Ftags&post=410"}],"curies":[{"name":"wp","href":"https:\/\/api.w.org\/{rel}","templated":true}]}}