{"id":393,"date":"2019-06-10T15:24:40","date_gmt":"2019-06-10T13:24:40","guid":{"rendered":"http:\/\/www.ff-liebenfels.at\/?p=393"},"modified":"2019-06-17T07:04:41","modified_gmt":"2019-06-17T05:04:41","slug":"sirenenalarm-am-10-6-2019-um-1400-uhr","status":"publish","type":"post","link":"http:\/\/www.ff-liebenfels.at\/?p=393","title":{"rendered":"Sirenenalarm am 10.6.2019 um 14:00 Uhr"},"content":{"rendered":"\n<p>Am 10.6.2019 wurde die Feuerwehr Liebenfels zu einem Verkehrsunfall auf der Liemberger Stra\u00dfe alarmiert. <\/p>\n<p>In der Freistritzklamm verungl\u00fcckte ein Motorradfahrer. Er wurde nach der Erstversorgung mit dem Hubschrauber ins Ukh nach Klagenfurt geflogen. Von uns wurde die Stra\u00dfe noch von den ausgelaufenen Betriebsmittel ges\u00e4ubert. Nach ca. 1,5 Stunde konnten wir wieder einr\u00fccken.<\/p>\n","protected":false},"excerpt":{"rendered":"<p>Am 10.6.2019 wurde die Feuerwehr Liebenfels zu einem Verkehrsunfall auf der Liemberger Stra\u00dfe alarmiert. In der Freistritzklamm verungl\u00fcckte ein Motorradfahrer. Er wurde nach der Erstversorgung mit dem Hubschrauber ins Ukh [&hellip;]<\/p>\n","protected":false},"author":6,"featured_media":159,"comment_status":"closed","ping_status":"open","sticky":false,"template":"","format":"standard","meta":{"_acf_changed":false,"footnotes":""},"categories":[8,3,5],"tags":[],"acf":[],"_links":{"self":[{"href":"http:\/\/www.ff-liebenfels.at\/index.php?rest_route=\/wp\/v2\/posts\/393"}],"collection":[{"href":"http:\/\/www.ff-liebenfels.at\/index.php?rest_route=\/wp\/v2\/posts"}],"about":[{"href":"http:\/\/www.ff-liebenfels.at\/index.php?rest_route=\/wp\/v2\/types\/post"}],"author":[{"embeddable":true,"href":"http:\/\/www.ff-liebenfels.at\/index.php?rest_route=\/wp\/v2\/users\/6"}],"replies":[{"embeddable":true,"href":"http:\/\/www.ff-liebenfels.at\/index.php?rest_route=%2Fwp%2Fv2%2Fcomments&post=393"}],"version-history":[{"count":4,"href":"http:\/\/www.ff-liebenfels.at\/index.php?rest_route=\/wp\/v2\/posts\/393\/revisions"}],"predecessor-version":[{"id":407,"href":"http:\/\/www.ff-liebenfels.at\/index.php?rest_route=\/wp\/v2\/posts\/393\/revisions\/407"}],"wp:featuredmedia":[{"embeddable":true,"href":"http:\/\/www.ff-liebenfels.at\/index.php?rest_route=\/wp\/v2\/media\/159"}],"wp:attachment":[{"href":"http:\/\/www.ff-liebenfels.at\/index.php?rest_route=%2Fwp%2Fv2%2Fmedia&parent=393"}],"wp:term":[{"taxonomy":"category","embeddable":true,"href":"http:\/\/www.ff-liebenfels.at\/index.php?rest_route=%2Fwp%2Fv2%2Fcategories&post=393"},{"taxonomy":"post_tag","embeddable":true,"href":"http:\/\/www.ff-liebenfels.at\/index.php?rest_route=%2Fwp%2Fv2%2Ftags&post=393"}],"curies":[{"name":"wp","href":"https:\/\/api.w.org\/{rel}","templated":true}]}}