{"id":365,"date":"2019-05-02T16:59:18","date_gmt":"2019-05-02T14:59:18","guid":{"rendered":"http:\/\/www.ff-liebenfels.at\/?p=365"},"modified":"2019-05-02T18:22:36","modified_gmt":"2019-05-02T16:22:36","slug":"sirenenalarm-am-2-5-2019-um-1639-uhr","status":"publish","type":"post","link":"http:\/\/www.ff-liebenfels.at\/?p=365","title":{"rendered":"Sirenenalarm am 2.5.2019 um 16:39 Uhr"},"content":{"rendered":"\n<p>Am 2.5.2019 um 16:39 Uhr wurde die Feuerwehr Liebenfels zu einem Verkehrsunfall auf der Tenschacher Landesstra\u00dfe alarmiert.<\/p>\n<ul>\n<li data-tadv-p=\"keep\">Beim \u00fcberholen eines Lkw \u00fcbersah ein Autofahrer denn Gegenverkehr und es kam zu einem Frontalzusammensto\u00df der zum Gl\u00fcck nur zwei Leichtverletzte forderte .<\/li>\n<\/ul>\n","protected":false},"excerpt":{"rendered":"<p>Am 2.5.2019 um 16:39 Uhr wurde die Feuerwehr Liebenfels zu einem Verkehrsunfall auf der Tenschacher Landesstra\u00dfe alarmiert. Beim \u00fcberholen eines Lkw \u00fcbersah ein Autofahrer denn Gegenverkehr und es kam zu [&hellip;]<\/p>\n","protected":false},"author":6,"featured_media":159,"comment_status":"closed","ping_status":"open","sticky":false,"template":"","format":"standard","meta":{"_acf_changed":false,"footnotes":""},"categories":[3,5],"tags":[],"acf":[],"_links":{"self":[{"href":"http:\/\/www.ff-liebenfels.at\/index.php?rest_route=\/wp\/v2\/posts\/365"}],"collection":[{"href":"http:\/\/www.ff-liebenfels.at\/index.php?rest_route=\/wp\/v2\/posts"}],"about":[{"href":"http:\/\/www.ff-liebenfels.at\/index.php?rest_route=\/wp\/v2\/types\/post"}],"author":[{"embeddable":true,"href":"http:\/\/www.ff-liebenfels.at\/index.php?rest_route=\/wp\/v2\/users\/6"}],"replies":[{"embeddable":true,"href":"http:\/\/www.ff-liebenfels.at\/index.php?rest_route=%2Fwp%2Fv2%2Fcomments&post=365"}],"version-history":[{"count":11,"href":"http:\/\/www.ff-liebenfels.at\/index.php?rest_route=\/wp\/v2\/posts\/365\/revisions"}],"predecessor-version":[{"id":383,"href":"http:\/\/www.ff-liebenfels.at\/index.php?rest_route=\/wp\/v2\/posts\/365\/revisions\/383"}],"wp:featuredmedia":[{"embeddable":true,"href":"http:\/\/www.ff-liebenfels.at\/index.php?rest_route=\/wp\/v2\/media\/159"}],"wp:attachment":[{"href":"http:\/\/www.ff-liebenfels.at\/index.php?rest_route=%2Fwp%2Fv2%2Fmedia&parent=365"}],"wp:term":[{"taxonomy":"category","embeddable":true,"href":"http:\/\/www.ff-liebenfels.at\/index.php?rest_route=%2Fwp%2Fv2%2Fcategories&post=365"},{"taxonomy":"post_tag","embeddable":true,"href":"http:\/\/www.ff-liebenfels.at\/index.php?rest_route=%2Fwp%2Fv2%2Ftags&post=365"}],"curies":[{"name":"wp","href":"https:\/\/api.w.org\/{rel}","templated":true}]}}