{"id":311,"date":"2019-03-24T06:48:03","date_gmt":"2019-03-24T05:48:03","guid":{"rendered":"http:\/\/www.ff-liebenfels.at\/?p=311"},"modified":"2019-03-28T19:24:50","modified_gmt":"2019-03-28T18:24:50","slug":"sirenenalarm-am-24-3-2016-um-116-uhr","status":"publish","type":"post","link":"http:\/\/www.ff-liebenfels.at\/?p=311","title":{"rendered":"Sirenenalarm am 24.3.2016 um 1:16 Uhr"},"content":{"rendered":"\n<p>Am 24.3.2019 um 1:16 Uhr wurden Wir und die Feuerwehren Glanegg, Zweikirchen zu einem Brand neben der B94 h\u00f6he St.Leonhard alarmiert.<\/p>\n<p>Beim Eintreffen stellte es sich heraus das ein Osterhaufen jetzt bereits schon angez\u00fcndet wurde. Da keine Gefahr von dem Brennenden Haufen ausging k\u00f6nnten alle Feuerwehren nach ca. 1h wieder einr\u00fccken.<\/p>\n","protected":false},"excerpt":{"rendered":"<p>Am 24.3.2019 um 1:16 Uhr wurden Wir und die Feuerwehren Glanegg, Zweikirchen zu einem Brand neben der B94 h\u00f6he St.Leonhard alarmiert. Beim Eintreffen stellte es sich heraus das ein Osterhaufen [&hellip;]<\/p>\n","protected":false},"author":6,"featured_media":159,"comment_status":"closed","ping_status":"open","sticky":false,"template":"","format":"standard","meta":{"_acf_changed":false,"footnotes":""},"categories":[8,4,3],"tags":[],"acf":[],"_links":{"self":[{"href":"http:\/\/www.ff-liebenfels.at\/index.php?rest_route=\/wp\/v2\/posts\/311"}],"collection":[{"href":"http:\/\/www.ff-liebenfels.at\/index.php?rest_route=\/wp\/v2\/posts"}],"about":[{"href":"http:\/\/www.ff-liebenfels.at\/index.php?rest_route=\/wp\/v2\/types\/post"}],"author":[{"embeddable":true,"href":"http:\/\/www.ff-liebenfels.at\/index.php?rest_route=\/wp\/v2\/users\/6"}],"replies":[{"embeddable":true,"href":"http:\/\/www.ff-liebenfels.at\/index.php?rest_route=%2Fwp%2Fv2%2Fcomments&post=311"}],"version-history":[{"count":6,"href":"http:\/\/www.ff-liebenfels.at\/index.php?rest_route=\/wp\/v2\/posts\/311\/revisions"}],"predecessor-version":[{"id":329,"href":"http:\/\/www.ff-liebenfels.at\/index.php?rest_route=\/wp\/v2\/posts\/311\/revisions\/329"}],"wp:featuredmedia":[{"embeddable":true,"href":"http:\/\/www.ff-liebenfels.at\/index.php?rest_route=\/wp\/v2\/media\/159"}],"wp:attachment":[{"href":"http:\/\/www.ff-liebenfels.at\/index.php?rest_route=%2Fwp%2Fv2%2Fmedia&parent=311"}],"wp:term":[{"taxonomy":"category","embeddable":true,"href":"http:\/\/www.ff-liebenfels.at\/index.php?rest_route=%2Fwp%2Fv2%2Fcategories&post=311"},{"taxonomy":"post_tag","embeddable":true,"href":"http:\/\/www.ff-liebenfels.at\/index.php?rest_route=%2Fwp%2Fv2%2Ftags&post=311"}],"curies":[{"name":"wp","href":"https:\/\/api.w.org\/{rel}","templated":true}]}}