{"id":2401,"date":"2024-02-25T09:21:17","date_gmt":"2024-02-25T08:21:17","guid":{"rendered":"https:\/\/www.ff-liebenfels.at\/?p=2401"},"modified":"2024-02-25T09:21:17","modified_gmt":"2024-02-25T08:21:17","slug":"jahreshauptversammlung-3","status":"publish","type":"post","link":"http:\/\/www.ff-liebenfels.at\/?p=2401","title":{"rendered":"Jahreshauptversammlung"},"content":{"rendered":"\n<p>Am 23.02.2024 fand im Kameradschaftsraum der Freiwilligen Feuerwehr Liebenfels die diesj\u00e4hrige Jahreshauptversammlung statt. <br \/>Kommandant Hubert Galler konnte dazu den 1. Vzbgm. Abschnittskommandant Stv. HBI Martin Wei\u00df und den\u00a0 Bezirksfeuerwehrkommandant Stv. BR Karl Rainer als Ehreng\u00e4ste begr\u00fc\u00dfen. Die Gedenkminute galt heuer vor allem unserem 2023 von uns gegangenen Kameraden HFM Martin Zm\u00f6lnig. Wir werden dir stets ein ehrendes Andenken bewahren. In der Folge lie\u00df unser Kommandant das Jahr 2023 Revue passieren und konnte berichten, dass die<strong> 35 aktiven Kameraden die 3 Kameraden auf Probe sowie ein Kamerad der Reserve<\/strong> <strong>18 Brandeins\u00e4tze und 64 technische Eins\u00e4tze<\/strong> zu bew\u00e4ltigen hatten. Insgesamt wurden dabei <strong>1.764\u00a0Einsatzstunden<\/strong> unfallfrei bew\u00e4ltigt. Mit den <strong>3 Fahrzeugen<\/strong> wurden rund <strong>6.250 km zur\u00fcckgelegt.<\/strong> Unz\u00e4hlige Stunden wurden auch f\u00fcr mehr als <strong>18<\/strong> <strong>\u00dcbungen und kameradschaftliche Aktivit\u00e4ten<\/strong> aufgewendet. So konnten wir im Jahre 2023 6 Veranstaltungen abhalten. Unsere 2 Probefeuerwehrm\u00e4nner<strong> David Eberhard und Sebastian Ruhdorfer<\/strong>\u00a0wurden angelobt und anschlie\u00dfend zum <strong>Feuerwehrmann<\/strong> bef\u00f6rdert. Wir d\u00fcrfen uns auch \u00fcber einen neuen <strong>Gruppenkommandanten<\/strong> freuen: Unser Ger\u00e4tewart und Hauptmaschinist <strong>Martin Rauter<\/strong> wurde deshalb zum <strong>L\u00f6schmeister bef\u00f6rdert<\/strong>. Unser Beauftragter f\u00fcr \u00d6ffentlichkeitsarbeit <strong>FM Christopher Keutschacher<\/strong> wurde f\u00fcr diese T\u00e4tigkeit zum LM (Funktion) bef\u00f6rdert. Ebenso wurde unser Kamerad <strong>OFM Thomas Egger <\/strong>zum<strong> Hauptfeuerwehrmann<\/strong> bef\u00f6rdert. Geehrt wurden unser <strong>Kdt. Stv. BI Ernst Moser<\/strong> sowie unser <strong>Zugskommandant BM Alfred Galler<\/strong> mit der K\u00e4rntner Medaille f\u00fcr <strong>40 Jahre Feuerwehrdienst. Die Dankesworte unseres Kommandanten galten heuer der Marktgemeinde Liebenfels und vor allem all unseren Kameraden f\u00fcr ihre st\u00e4ndige Bereitschaft in der Feuerwehr mitzuwirken!<br \/><br \/><\/strong><\/p>\n","protected":false},"excerpt":{"rendered":"<p>Am 23.02.2024 fand im Kameradschaftsraum der Freiwilligen Feuerwehr Liebenfels die diesj\u00e4hrige Jahreshauptversammlung statt. Kommandant Hubert Galler konnte dazu den 1. Vzbgm. Abschnittskommandant Stv. HBI Martin Wei\u00df und den\u00a0 Bezirksfeuerwehrkommandant Stv. [&hellip;]<\/p>\n","protected":false},"author":9,"featured_media":2406,"comment_status":"closed","ping_status":"open","sticky":false,"template":"","format":"standard","meta":{"_acf_changed":false,"footnotes":""},"categories":[8,1],"tags":[],"acf":[],"_links":{"self":[{"href":"http:\/\/www.ff-liebenfels.at\/index.php?rest_route=\/wp\/v2\/posts\/2401"}],"collection":[{"href":"http:\/\/www.ff-liebenfels.at\/index.php?rest_route=\/wp\/v2\/posts"}],"about":[{"href":"http:\/\/www.ff-liebenfels.at\/index.php?rest_route=\/wp\/v2\/types\/post"}],"author":[{"embeddable":true,"href":"http:\/\/www.ff-liebenfels.at\/index.php?rest_route=\/wp\/v2\/users\/9"}],"replies":[{"embeddable":true,"href":"http:\/\/www.ff-liebenfels.at\/index.php?rest_route=%2Fwp%2Fv2%2Fcomments&post=2401"}],"version-history":[{"count":5,"href":"http:\/\/www.ff-liebenfels.at\/index.php?rest_route=\/wp\/v2\/posts\/2401\/revisions"}],"predecessor-version":[{"id":2407,"href":"http:\/\/www.ff-liebenfels.at\/index.php?rest_route=\/wp\/v2\/posts\/2401\/revisions\/2407"}],"wp:featuredmedia":[{"embeddable":true,"href":"http:\/\/www.ff-liebenfels.at\/index.php?rest_route=\/wp\/v2\/media\/2406"}],"wp:attachment":[{"href":"http:\/\/www.ff-liebenfels.at\/index.php?rest_route=%2Fwp%2Fv2%2Fmedia&parent=2401"}],"wp:term":[{"taxonomy":"category","embeddable":true,"href":"http:\/\/www.ff-liebenfels.at\/index.php?rest_route=%2Fwp%2Fv2%2Fcategories&post=2401"},{"taxonomy":"post_tag","embeddable":true,"href":"http:\/\/www.ff-liebenfels.at\/index.php?rest_route=%2Fwp%2Fv2%2Ftags&post=2401"}],"curies":[{"name":"wp","href":"https:\/\/api.w.org\/{rel}","templated":true}]}}