{"id":2032,"date":"2023-01-24T10:47:14","date_gmt":"2023-01-24T09:47:14","guid":{"rendered":"http:\/\/www.ff-liebenfels.at\/?p=2032"},"modified":"2023-01-24T11:23:46","modified_gmt":"2023-01-24T10:23:46","slug":"2-sirenenalarm-am-23-01-2023","status":"publish","type":"post","link":"http:\/\/www.ff-liebenfels.at\/?p=2032","title":{"rendered":"2. Sirenenalarm am 23.01.2023"},"content":{"rendered":"\n<p>Am 23.01.2023 um 23:47 Uhr wurden wir noch gemeinsam mit der <a href=\"http:\/\/www.ff-soerg.at\">FF S\u00f6rg<\/a> zu einer Fahrzeugbergung \u00fcber 3,5t alarmiert. Ein LKW samt Anh\u00e4nger kam auf der schneeglatten Gradenegger Gemeindestra\u00dfe zu weit auf das Bankett und blieb h\u00e4ngen. Als Erstma\u00dfnahme wurde die Einsatzstelle ausgeleuchtet sowie der Anh\u00e4nger mittels Seilwinde gegen ein weiteres Abrutschen gesichert. Nach Eintreffen des Abschleppdienstes konnte der LKW samt Anh\u00e4nger unter mithilfe der Seilwinde unseres TLFA wieder auf die Fahrbahn gezogen werden. Nach gut 3 Stunden konnte die Einsatzbereitschaft wieder hergestellt werden. <br \/>Im Einsatz standen:<br \/>FF S\u00f6rg mit LFA<br \/>FF Liebenfels mit TLFA u. KLFA<\/p>\n","protected":false},"excerpt":{"rendered":"<p>Am 23.01.2023 um 23:47 Uhr wurden wir noch gemeinsam mit der FF S\u00f6rg zu einer Fahrzeugbergung \u00fcber 3,5t alarmiert. Ein LKW samt Anh\u00e4nger kam auf der schneeglatten Gradenegger Gemeindestra\u00dfe zu [&hellip;]<\/p>\n","protected":false},"author":9,"featured_media":1099,"comment_status":"closed","ping_status":"open","sticky":false,"template":"","format":"standard","meta":{"_acf_changed":false,"footnotes":""},"categories":[8,3,5],"tags":[],"acf":[],"_links":{"self":[{"href":"http:\/\/www.ff-liebenfels.at\/index.php?rest_route=\/wp\/v2\/posts\/2032"}],"collection":[{"href":"http:\/\/www.ff-liebenfels.at\/index.php?rest_route=\/wp\/v2\/posts"}],"about":[{"href":"http:\/\/www.ff-liebenfels.at\/index.php?rest_route=\/wp\/v2\/types\/post"}],"author":[{"embeddable":true,"href":"http:\/\/www.ff-liebenfels.at\/index.php?rest_route=\/wp\/v2\/users\/9"}],"replies":[{"embeddable":true,"href":"http:\/\/www.ff-liebenfels.at\/index.php?rest_route=%2Fwp%2Fv2%2Fcomments&post=2032"}],"version-history":[{"count":6,"href":"http:\/\/www.ff-liebenfels.at\/index.php?rest_route=\/wp\/v2\/posts\/2032\/revisions"}],"predecessor-version":[{"id":2044,"href":"http:\/\/www.ff-liebenfels.at\/index.php?rest_route=\/wp\/v2\/posts\/2032\/revisions\/2044"}],"wp:featuredmedia":[{"embeddable":true,"href":"http:\/\/www.ff-liebenfels.at\/index.php?rest_route=\/wp\/v2\/media\/1099"}],"wp:attachment":[{"href":"http:\/\/www.ff-liebenfels.at\/index.php?rest_route=%2Fwp%2Fv2%2Fmedia&parent=2032"}],"wp:term":[{"taxonomy":"category","embeddable":true,"href":"http:\/\/www.ff-liebenfels.at\/index.php?rest_route=%2Fwp%2Fv2%2Fcategories&post=2032"},{"taxonomy":"post_tag","embeddable":true,"href":"http:\/\/www.ff-liebenfels.at\/index.php?rest_route=%2Fwp%2Fv2%2Ftags&post=2032"}],"curies":[{"name":"wp","href":"https:\/\/api.w.org\/{rel}","templated":true}]}}