{"id":1980,"date":"2022-11-25T21:13:03","date_gmt":"2022-11-25T20:13:03","guid":{"rendered":"http:\/\/www.ff-liebenfels.at\/?p=1980"},"modified":"2022-12-05T08:01:39","modified_gmt":"2022-12-05T07:01:39","slug":"sirenenalarm-am-25-11-2022","status":"publish","type":"post","link":"http:\/\/www.ff-liebenfels.at\/?p=1980","title":{"rendered":"Sirenenalarm am 25.11.2022"},"content":{"rendered":"\n<p>Am 25.11.2022 um 13.33 Uhr wurden wir gemeinsam mit den Feuerwehren St. Veit\/Glan, Glanegg, Treffelsdorf und Zweikirchen zu einem Verkehrsunfall (VU 3 Person eingeklemmt) mit mehreren Verletzten alarmiert. Auf der B94, Ossiacher Bundesstra\u00dfe, zwischen Lebmach und Kraindorf, kollidierten zwei Pkw im Zuge eines Abbiegevorgangs mit gleichzeitigem \u00dcberholman\u00f6ver. Dabei wurden eine Person schwer und drei weitere Personen unbestimmten Grades verletzt. Die schwerverletzte Frau wurde mit dem \u00d6AMTC Rettungshubschrauber und die weiteren Verletzten vom Roten Kreuz ebenfalls ins Klinikum eingeliefert. Durch die Feuerwehren wurden die Rettungsma\u00dfnahmen unterst\u00fctzt, die Sperre der B94 durchgef\u00fchrt und der Polizei bei der Unfallrekonstruktion zur Hand gegangen.<br \/>Nach dem abschleppen der Unfallfahrzeuge durch ein Abschleppunternehmen wurde die Fahrbahn gereinigt und schlie\u00dflich konnten die Absperr- und Umleitungsma\u00dfnahmen aufgehoben werden und die Feuerwehren in ihre R\u00fcsth\u00e4user einr\u00fccken.<br \/>Im Einsatz standen:<br \/>FF St. Veit\/Glan<br \/>FF Treffelsdorf<br \/>FF Glanegg<br \/>FF Zweikirchen<br \/>FF Liebenfels mit TLFA 3000 und KLFA<\/p>\n","protected":false},"excerpt":{"rendered":"<p>Am 25.11.2022 um 13.33 Uhr wurden wir gemeinsam mit den Feuerwehren St. Veit\/Glan, Glanegg, Treffelsdorf und Zweikirchen zu einem Verkehrsunfall (VU 3 Person eingeklemmt) mit mehreren Verletzten alarmiert. Auf der [&hellip;]<\/p>\n","protected":false},"author":9,"featured_media":1101,"comment_status":"closed","ping_status":"open","sticky":false,"template":"","format":"standard","meta":{"_acf_changed":false,"footnotes":""},"categories":[8,3,5],"tags":[],"acf":[],"_links":{"self":[{"href":"http:\/\/www.ff-liebenfels.at\/index.php?rest_route=\/wp\/v2\/posts\/1980"}],"collection":[{"href":"http:\/\/www.ff-liebenfels.at\/index.php?rest_route=\/wp\/v2\/posts"}],"about":[{"href":"http:\/\/www.ff-liebenfels.at\/index.php?rest_route=\/wp\/v2\/types\/post"}],"author":[{"embeddable":true,"href":"http:\/\/www.ff-liebenfels.at\/index.php?rest_route=\/wp\/v2\/users\/9"}],"replies":[{"embeddable":true,"href":"http:\/\/www.ff-liebenfels.at\/index.php?rest_route=%2Fwp%2Fv2%2Fcomments&post=1980"}],"version-history":[{"count":5,"href":"http:\/\/www.ff-liebenfels.at\/index.php?rest_route=\/wp\/v2\/posts\/1980\/revisions"}],"predecessor-version":[{"id":1999,"href":"http:\/\/www.ff-liebenfels.at\/index.php?rest_route=\/wp\/v2\/posts\/1980\/revisions\/1999"}],"wp:featuredmedia":[{"embeddable":true,"href":"http:\/\/www.ff-liebenfels.at\/index.php?rest_route=\/wp\/v2\/media\/1101"}],"wp:attachment":[{"href":"http:\/\/www.ff-liebenfels.at\/index.php?rest_route=%2Fwp%2Fv2%2Fmedia&parent=1980"}],"wp:term":[{"taxonomy":"category","embeddable":true,"href":"http:\/\/www.ff-liebenfels.at\/index.php?rest_route=%2Fwp%2Fv2%2Fcategories&post=1980"},{"taxonomy":"post_tag","embeddable":true,"href":"http:\/\/www.ff-liebenfels.at\/index.php?rest_route=%2Fwp%2Fv2%2Ftags&post=1980"}],"curies":[{"name":"wp","href":"https:\/\/api.w.org\/{rel}","templated":true}]}}