{"id":1940,"date":"2022-11-15T15:50:58","date_gmt":"2022-11-15T14:50:58","guid":{"rendered":"http:\/\/www.ff-liebenfels.at\/?p=1940"},"modified":"2022-11-15T15:58:47","modified_gmt":"2022-11-15T14:58:47","slug":"2-sirenenalarm-am-14-11-2022","status":"publish","type":"post","link":"http:\/\/www.ff-liebenfels.at\/?p=1940","title":{"rendered":"2. Sirenenalarm am 14.11.2022"},"content":{"rendered":"\n<p>Am 14.11.2022 wurden wir um 20:05 Uhr noch zu einem Wirtschaftsgeb\u00e4udebrand (B5) nach Gro\u00dfbuch (W\u00f6lfnitz) alarmiert. Am Einsatzort angekommen stellte sich heraus, dass es sich um einen Traktorbrand handelte. Somit war unser Einschreiten nicht mehr notwendig. Die \u00f6rtlich zust\u00e4ndige Feuerwehr W\u00f6lfnitz konnte den Traktor in k\u00fcrzester Zeit l\u00f6schen. Wir und die anderen angeforderten Einsatzkr\u00e4fte konnten wieder Einr\u00fccken.<\/p>\n<p>Im Einsatz standen:<br \/>BF Klagenfurt, FF Emmersdorf, FF Glanegg-Maria Feicht, FF W\u00f6lfnitz, FF Zweikirchen<br \/>FF Liebenfels mit TLFA 3000, KLFA, MZF<\/p>\n","protected":false},"excerpt":{"rendered":"<p>Am 14.11.2022 wurden wir um 20:05 Uhr noch zu einem Wirtschaftsgeb\u00e4udebrand (B5) nach Gro\u00dfbuch (W\u00f6lfnitz) alarmiert. Am Einsatzort angekommen stellte sich heraus, dass es sich um einen Traktorbrand handelte. Somit [&hellip;]<\/p>\n","protected":false},"author":9,"featured_media":1098,"comment_status":"closed","ping_status":"open","sticky":false,"template":"","format":"standard","meta":{"_acf_changed":false,"footnotes":""},"categories":[8,4,3],"tags":[],"acf":[],"_links":{"self":[{"href":"http:\/\/www.ff-liebenfels.at\/index.php?rest_route=\/wp\/v2\/posts\/1940"}],"collection":[{"href":"http:\/\/www.ff-liebenfels.at\/index.php?rest_route=\/wp\/v2\/posts"}],"about":[{"href":"http:\/\/www.ff-liebenfels.at\/index.php?rest_route=\/wp\/v2\/types\/post"}],"author":[{"embeddable":true,"href":"http:\/\/www.ff-liebenfels.at\/index.php?rest_route=\/wp\/v2\/users\/9"}],"replies":[{"embeddable":true,"href":"http:\/\/www.ff-liebenfels.at\/index.php?rest_route=%2Fwp%2Fv2%2Fcomments&post=1940"}],"version-history":[{"count":6,"href":"http:\/\/www.ff-liebenfels.at\/index.php?rest_route=\/wp\/v2\/posts\/1940\/revisions"}],"predecessor-version":[{"id":1965,"href":"http:\/\/www.ff-liebenfels.at\/index.php?rest_route=\/wp\/v2\/posts\/1940\/revisions\/1965"}],"wp:featuredmedia":[{"embeddable":true,"href":"http:\/\/www.ff-liebenfels.at\/index.php?rest_route=\/wp\/v2\/media\/1098"}],"wp:attachment":[{"href":"http:\/\/www.ff-liebenfels.at\/index.php?rest_route=%2Fwp%2Fv2%2Fmedia&parent=1940"}],"wp:term":[{"taxonomy":"category","embeddable":true,"href":"http:\/\/www.ff-liebenfels.at\/index.php?rest_route=%2Fwp%2Fv2%2Fcategories&post=1940"},{"taxonomy":"post_tag","embeddable":true,"href":"http:\/\/www.ff-liebenfels.at\/index.php?rest_route=%2Fwp%2Fv2%2Ftags&post=1940"}],"curies":[{"name":"wp","href":"https:\/\/api.w.org\/{rel}","templated":true}]}}