{"id":1862,"date":"2022-09-08T08:17:51","date_gmt":"2022-09-08T06:17:51","guid":{"rendered":"http:\/\/www.ff-liebenfels.at\/?p=1862"},"modified":"2022-09-16T09:51:15","modified_gmt":"2022-09-16T07:51:15","slug":"102-jahre-ff-liebenfels-2","status":"publish","type":"post","link":"http:\/\/www.ff-liebenfels.at\/?p=1862","title":{"rendered":"102 Jahre FF-Liebenfels"},"content":{"rendered":"\n<p>Unser Jubil\u00e4ums Fr\u00fchschoppen 102 Jahre FF Liebenfels ist Geschichte. Ein gro\u00dfer Dank gilt unseren <strong>Patinnen, Ehreng\u00e4sten, Sponsoren sowie allen Festbesuchern.<\/strong> Wir hoffen euch auch n\u00e4chstes Jahr wieder bei unserem traditionellen Fr\u00fchschoppen begr\u00fc\u00dfen zu d\u00fcrfen.<\/p>\n","protected":false},"excerpt":{"rendered":"<p>Unser Jubil\u00e4ums Fr\u00fchschoppen 102 Jahre FF Liebenfels ist Geschichte. Ein gro\u00dfer Dank gilt unseren Patinnen, Ehreng\u00e4sten, Sponsoren sowie allen Festbesuchern. Wir hoffen euch auch n\u00e4chstes Jahr wieder bei unserem traditionellen [&hellip;]<\/p>\n","protected":false},"author":9,"featured_media":1865,"comment_status":"closed","ping_status":"open","sticky":false,"template":"","format":"standard","meta":{"_acf_changed":false,"footnotes":""},"categories":[8,1],"tags":[],"acf":[],"_links":{"self":[{"href":"http:\/\/www.ff-liebenfels.at\/index.php?rest_route=\/wp\/v2\/posts\/1862"}],"collection":[{"href":"http:\/\/www.ff-liebenfels.at\/index.php?rest_route=\/wp\/v2\/posts"}],"about":[{"href":"http:\/\/www.ff-liebenfels.at\/index.php?rest_route=\/wp\/v2\/types\/post"}],"author":[{"embeddable":true,"href":"http:\/\/www.ff-liebenfels.at\/index.php?rest_route=\/wp\/v2\/users\/9"}],"replies":[{"embeddable":true,"href":"http:\/\/www.ff-liebenfels.at\/index.php?rest_route=%2Fwp%2Fv2%2Fcomments&post=1862"}],"version-history":[{"count":3,"href":"http:\/\/www.ff-liebenfels.at\/index.php?rest_route=\/wp\/v2\/posts\/1862\/revisions"}],"predecessor-version":[{"id":1873,"href":"http:\/\/www.ff-liebenfels.at\/index.php?rest_route=\/wp\/v2\/posts\/1862\/revisions\/1873"}],"wp:featuredmedia":[{"embeddable":true,"href":"http:\/\/www.ff-liebenfels.at\/index.php?rest_route=\/wp\/v2\/media\/1865"}],"wp:attachment":[{"href":"http:\/\/www.ff-liebenfels.at\/index.php?rest_route=%2Fwp%2Fv2%2Fmedia&parent=1862"}],"wp:term":[{"taxonomy":"category","embeddable":true,"href":"http:\/\/www.ff-liebenfels.at\/index.php?rest_route=%2Fwp%2Fv2%2Fcategories&post=1862"},{"taxonomy":"post_tag","embeddable":true,"href":"http:\/\/www.ff-liebenfels.at\/index.php?rest_route=%2Fwp%2Fv2%2Ftags&post=1862"}],"curies":[{"name":"wp","href":"https:\/\/api.w.org\/{rel}","templated":true}]}}