{"id":1829,"date":"2022-08-06T11:08:22","date_gmt":"2022-08-06T09:08:22","guid":{"rendered":"http:\/\/www.ff-liebenfels.at\/?p=1829"},"modified":"2022-08-06T11:08:25","modified_gmt":"2022-08-06T09:08:25","slug":"sirenenalarm-am-05-08-2022","status":"publish","type":"post","link":"http:\/\/www.ff-liebenfels.at\/?p=1829","title":{"rendered":"Sirenenalarm am 05.08.2022"},"content":{"rendered":"\n<p>Am 05.08.2022 um 16:51 Uhr wurden wir zu einem technischen Einsatz nach Glantschach alarmiert.<br \/>Erneut war auf der L68 der Liemberger Landesstra\u00dfe vor der Ortseinfahrt Glantschach die Stromleitung gerissen. Die Stra\u00dfe wurde von uns wieder bis zum Eintreffen des St\u00f6rungsdienstes gesperrt.<br \/>W\u00e4hrend des Einr\u00fcckens wurden wir noch von einem PKW Lenker \u00fcber einen umgest\u00fcrzten Baum auf der L68 &#8211; Ortsende Glantschach informiert. Die Fahrbahn konnte von uns rasch wieder freigemacht werden.\u00a0<br \/>Bei der Heimfahrt musste die L68-Liemberger Landestra\u00dfe im Bereich der gerissenen Stromleitung nochmals f\u00fcr ca. 1 Stunde aufgrund von Leitungsarbeiten gesperrt werden. So konnten wir erst gegen 20:30 Uhr wieder einr\u00fccken.<br \/><br \/>Wir standen im Einsatz mit:<br \/>TLFA 3000<br \/>KLFA<br \/>MZF<br \/><br \/><\/p>\n","protected":false},"excerpt":{"rendered":"<p>Am 05.08.2022 um 16:51 Uhr wurden wir zu einem technischen Einsatz nach Glantschach alarmiert.Erneut war auf der L68 der Liemberger Landesstra\u00dfe vor der Ortseinfahrt Glantschach die Stromleitung gerissen. Die Stra\u00dfe [&hellip;]<\/p>\n","protected":false},"author":9,"featured_media":1100,"comment_status":"closed","ping_status":"open","sticky":false,"template":"","format":"standard","meta":{"_acf_changed":false,"footnotes":""},"categories":[8,3,5],"tags":[],"acf":[],"_links":{"self":[{"href":"http:\/\/www.ff-liebenfels.at\/index.php?rest_route=\/wp\/v2\/posts\/1829"}],"collection":[{"href":"http:\/\/www.ff-liebenfels.at\/index.php?rest_route=\/wp\/v2\/posts"}],"about":[{"href":"http:\/\/www.ff-liebenfels.at\/index.php?rest_route=\/wp\/v2\/types\/post"}],"author":[{"embeddable":true,"href":"http:\/\/www.ff-liebenfels.at\/index.php?rest_route=\/wp\/v2\/users\/9"}],"replies":[{"embeddable":true,"href":"http:\/\/www.ff-liebenfels.at\/index.php?rest_route=%2Fwp%2Fv2%2Fcomments&post=1829"}],"version-history":[{"count":5,"href":"http:\/\/www.ff-liebenfels.at\/index.php?rest_route=\/wp\/v2\/posts\/1829\/revisions"}],"predecessor-version":[{"id":1838,"href":"http:\/\/www.ff-liebenfels.at\/index.php?rest_route=\/wp\/v2\/posts\/1829\/revisions\/1838"}],"wp:featuredmedia":[{"embeddable":true,"href":"http:\/\/www.ff-liebenfels.at\/index.php?rest_route=\/wp\/v2\/media\/1100"}],"wp:attachment":[{"href":"http:\/\/www.ff-liebenfels.at\/index.php?rest_route=%2Fwp%2Fv2%2Fmedia&parent=1829"}],"wp:term":[{"taxonomy":"category","embeddable":true,"href":"http:\/\/www.ff-liebenfels.at\/index.php?rest_route=%2Fwp%2Fv2%2Fcategories&post=1829"},{"taxonomy":"post_tag","embeddable":true,"href":"http:\/\/www.ff-liebenfels.at\/index.php?rest_route=%2Fwp%2Fv2%2Ftags&post=1829"}],"curies":[{"name":"wp","href":"https:\/\/api.w.org\/{rel}","templated":true}]}}