{"id":1799,"date":"2022-07-24T18:02:17","date_gmt":"2022-07-24T16:02:17","guid":{"rendered":"http:\/\/www.ff-liebenfels.at\/?p=1799"},"modified":"2022-07-24T18:02:19","modified_gmt":"2022-07-24T16:02:19","slug":"sirenenalarm-am-23-07-2022","status":"publish","type":"post","link":"http:\/\/www.ff-liebenfels.at\/?p=1799","title":{"rendered":"Sirenenalarm am 23.07.2022"},"content":{"rendered":"\n<p>Am 23.07.2022 um 20:17 wurden wir zu einem technischen Einsatz (T Unwetter 2) alarmiert.<br \/>Im Bereich Glanweg sollte ein Baum auf die Hochspannungsleitung gest\u00fcrzt sein.\u00a0<br \/>Nach ausf\u00fchrlicher Lageerkundung konnte jedoch kein umgest\u00fcrzter Baum bzw. auch keine Gefahrenquelle\u00a0 gefunden werden. Kurz nach dem Einr\u00fccken um ca. 20:45 Uhr wurden wir noch zu einem umgest\u00fcrzten Baum auf die L68 Liemberger Landesstra\u00dfe kurz vor Glantschach gerufen. Der Baum wurde von uns entfernt und die Fahrbahn gereinigt. Gegen 22:00 Uhr konnten wir wieder einr\u00fccken.<br \/><br \/>Wir standen im Einsatz mit:<br \/>TLFA 3000<br \/>KLFA<\/p>\n","protected":false},"excerpt":{"rendered":"<p>Am 23.07.2022 um 20:17 wurden wir zu einem technischen Einsatz (T Unwetter 2) alarmiert.Im Bereich Glanweg sollte ein Baum auf die Hochspannungsleitung gest\u00fcrzt sein.\u00a0Nach ausf\u00fchrlicher Lageerkundung konnte jedoch kein umgest\u00fcrzter [&hellip;]<\/p>\n","protected":false},"author":9,"featured_media":1100,"comment_status":"closed","ping_status":"open","sticky":false,"template":"","format":"standard","meta":{"_acf_changed":false,"footnotes":""},"categories":[8,3,5],"tags":[],"acf":[],"_links":{"self":[{"href":"http:\/\/www.ff-liebenfels.at\/index.php?rest_route=\/wp\/v2\/posts\/1799"}],"collection":[{"href":"http:\/\/www.ff-liebenfels.at\/index.php?rest_route=\/wp\/v2\/posts"}],"about":[{"href":"http:\/\/www.ff-liebenfels.at\/index.php?rest_route=\/wp\/v2\/types\/post"}],"author":[{"embeddable":true,"href":"http:\/\/www.ff-liebenfels.at\/index.php?rest_route=\/wp\/v2\/users\/9"}],"replies":[{"embeddable":true,"href":"http:\/\/www.ff-liebenfels.at\/index.php?rest_route=%2Fwp%2Fv2%2Fcomments&post=1799"}],"version-history":[{"count":3,"href":"http:\/\/www.ff-liebenfels.at\/index.php?rest_route=\/wp\/v2\/posts\/1799\/revisions"}],"predecessor-version":[{"id":1804,"href":"http:\/\/www.ff-liebenfels.at\/index.php?rest_route=\/wp\/v2\/posts\/1799\/revisions\/1804"}],"wp:featuredmedia":[{"embeddable":true,"href":"http:\/\/www.ff-liebenfels.at\/index.php?rest_route=\/wp\/v2\/media\/1100"}],"wp:attachment":[{"href":"http:\/\/www.ff-liebenfels.at\/index.php?rest_route=%2Fwp%2Fv2%2Fmedia&parent=1799"}],"wp:term":[{"taxonomy":"category","embeddable":true,"href":"http:\/\/www.ff-liebenfels.at\/index.php?rest_route=%2Fwp%2Fv2%2Fcategories&post=1799"},{"taxonomy":"post_tag","embeddable":true,"href":"http:\/\/www.ff-liebenfels.at\/index.php?rest_route=%2Fwp%2Fv2%2Ftags&post=1799"}],"curies":[{"name":"wp","href":"https:\/\/api.w.org\/{rel}","templated":true}]}}