{"id":1690,"date":"2022-04-09T20:39:20","date_gmt":"2022-04-09T18:39:20","guid":{"rendered":"http:\/\/www.ff-liebenfels.at\/?p=1690"},"modified":"2022-04-20T07:50:20","modified_gmt":"2022-04-20T05:50:20","slug":"sirenenalarm-am-08-04-2022","status":"publish","type":"post","link":"http:\/\/www.ff-liebenfels.at\/?p=1690","title":{"rendered":"Sirenenalarm am 08.04.2022"},"content":{"rendered":"\n<p>Am 08.04.2022 wurden wir um 11:21 Uhr von der LAWZ zu einem Verkehrsunfall mit eingeklemmter Person (T VU 3) auf die L69 Tentschacher Landesstra\u00dfe alarmiert. Aus unbekannter Ursache kam ein PKW Lenker von der Stra\u00dfe ab. Das Fahrzeug \u00fcberschlug sich, und kam auf dem Dach liegend in einem Bachbett zum Stillstand. Entgegen der Einsatzmeldung konnte sich der Lenker zum Gl\u00fcck noch selbstst\u00e4ndig aus dem Fahrzeug befreien. Somit bestand die Aufgabe der Feuerwehren darin, die Unfallstelle abzusichern sowie das Team des Rettungshubschraubers C11 und des Roten \u00a0Kreuzes bei der Versorgung des Verletzten zu unterst\u00fctzen. Gegen 12:20 Uhr konnte wir wieder einr\u00fccken.<\/p>\n<p>Im Einsatz standen:<br \/>FF Glanegg-Maria Feicht<br \/>FF W\u00f6lfnitz<br \/>FF Zweikirchen<br \/>FF Liebenfels mit TLFA 3000 und KLFA<br \/>PI St.Veit an der Glan<br \/>Rotes Kreuz<br \/>Flugrettung C11<\/p>\n","protected":false},"excerpt":{"rendered":"<p>Am 08.04.2022 wurden wir um 11:21 Uhr von der LAWZ zu einem Verkehrsunfall mit eingeklemmter Person (T VU 3) auf die L69 Tentschacher Landesstra\u00dfe alarmiert. Aus unbekannter Ursache kam ein [&hellip;]<\/p>\n","protected":false},"author":9,"featured_media":1101,"comment_status":"closed","ping_status":"open","sticky":false,"template":"","format":"standard","meta":{"_acf_changed":false,"footnotes":""},"categories":[8,3,5],"tags":[],"acf":[],"_links":{"self":[{"href":"http:\/\/www.ff-liebenfels.at\/index.php?rest_route=\/wp\/v2\/posts\/1690"}],"collection":[{"href":"http:\/\/www.ff-liebenfels.at\/index.php?rest_route=\/wp\/v2\/posts"}],"about":[{"href":"http:\/\/www.ff-liebenfels.at\/index.php?rest_route=\/wp\/v2\/types\/post"}],"author":[{"embeddable":true,"href":"http:\/\/www.ff-liebenfels.at\/index.php?rest_route=\/wp\/v2\/users\/9"}],"replies":[{"embeddable":true,"href":"http:\/\/www.ff-liebenfels.at\/index.php?rest_route=%2Fwp%2Fv2%2Fcomments&post=1690"}],"version-history":[{"count":9,"href":"http:\/\/www.ff-liebenfels.at\/index.php?rest_route=\/wp\/v2\/posts\/1690\/revisions"}],"predecessor-version":[{"id":1713,"href":"http:\/\/www.ff-liebenfels.at\/index.php?rest_route=\/wp\/v2\/posts\/1690\/revisions\/1713"}],"wp:featuredmedia":[{"embeddable":true,"href":"http:\/\/www.ff-liebenfels.at\/index.php?rest_route=\/wp\/v2\/media\/1101"}],"wp:attachment":[{"href":"http:\/\/www.ff-liebenfels.at\/index.php?rest_route=%2Fwp%2Fv2%2Fmedia&parent=1690"}],"wp:term":[{"taxonomy":"category","embeddable":true,"href":"http:\/\/www.ff-liebenfels.at\/index.php?rest_route=%2Fwp%2Fv2%2Fcategories&post=1690"},{"taxonomy":"post_tag","embeddable":true,"href":"http:\/\/www.ff-liebenfels.at\/index.php?rest_route=%2Fwp%2Fv2%2Ftags&post=1690"}],"curies":[{"name":"wp","href":"https:\/\/api.w.org\/{rel}","templated":true}]}}