{"id":1610,"date":"2022-02-07T10:50:16","date_gmt":"2022-02-07T09:50:16","guid":{"rendered":"http:\/\/www.ff-liebenfels.at\/?p=1610"},"modified":"2022-02-07T10:52:58","modified_gmt":"2022-02-07T09:52:58","slug":"stiller-alarm-am-07-02-2022","status":"publish","type":"post","link":"http:\/\/www.ff-liebenfels.at\/?p=1610","title":{"rendered":"Stiller Alarm am 07.02.2022"},"content":{"rendered":"\n<p>Am 07.02.2022 um 08:19 wurden wir von der LAWZ per stillem Alarm zu einem technischen Einsatz alarmiert.<br \/>Auf der S\u00f6rger Gemeindestra\u00dfe im Bereich des &#8222;Ganskragens&#8220; st\u00fcrzte durch den starken Wind ein Baum auf die Fahrbahn. Dieser wurde von uns rasch entfernt und wir konnten nach ca. 20 min wieder einr\u00fccken<\/p>\n<p>Wir standen im Einsatz mit: KLFA<\/p>\n","protected":false},"excerpt":{"rendered":"<p>Am 07.02.2022 um 08:19 wurden wir von der LAWZ per stillem Alarm zu einem technischen Einsatz alarmiert.Auf der S\u00f6rger Gemeindestra\u00dfe im Bereich des &#8222;Ganskragens&#8220; st\u00fcrzte durch den starken Wind ein [&hellip;]<\/p>\n","protected":false},"author":9,"featured_media":1100,"comment_status":"closed","ping_status":"open","sticky":false,"template":"","format":"standard","meta":{"_acf_changed":false,"footnotes":""},"categories":[8,3,5],"tags":[],"acf":[],"_links":{"self":[{"href":"http:\/\/www.ff-liebenfels.at\/index.php?rest_route=\/wp\/v2\/posts\/1610"}],"collection":[{"href":"http:\/\/www.ff-liebenfels.at\/index.php?rest_route=\/wp\/v2\/posts"}],"about":[{"href":"http:\/\/www.ff-liebenfels.at\/index.php?rest_route=\/wp\/v2\/types\/post"}],"author":[{"embeddable":true,"href":"http:\/\/www.ff-liebenfels.at\/index.php?rest_route=\/wp\/v2\/users\/9"}],"replies":[{"embeddable":true,"href":"http:\/\/www.ff-liebenfels.at\/index.php?rest_route=%2Fwp%2Fv2%2Fcomments&post=1610"}],"version-history":[{"count":4,"href":"http:\/\/www.ff-liebenfels.at\/index.php?rest_route=\/wp\/v2\/posts\/1610\/revisions"}],"predecessor-version":[{"id":1616,"href":"http:\/\/www.ff-liebenfels.at\/index.php?rest_route=\/wp\/v2\/posts\/1610\/revisions\/1616"}],"wp:featuredmedia":[{"embeddable":true,"href":"http:\/\/www.ff-liebenfels.at\/index.php?rest_route=\/wp\/v2\/media\/1100"}],"wp:attachment":[{"href":"http:\/\/www.ff-liebenfels.at\/index.php?rest_route=%2Fwp%2Fv2%2Fmedia&parent=1610"}],"wp:term":[{"taxonomy":"category","embeddable":true,"href":"http:\/\/www.ff-liebenfels.at\/index.php?rest_route=%2Fwp%2Fv2%2Fcategories&post=1610"},{"taxonomy":"post_tag","embeddable":true,"href":"http:\/\/www.ff-liebenfels.at\/index.php?rest_route=%2Fwp%2Fv2%2Ftags&post=1610"}],"curies":[{"name":"wp","href":"https:\/\/api.w.org\/{rel}","templated":true}]}}