{"id":1591,"date":"2022-01-07T11:58:45","date_gmt":"2022-01-07T10:58:45","guid":{"rendered":"http:\/\/www.ff-liebenfels.at\/?p=1591"},"modified":"2022-02-15T07:25:36","modified_gmt":"2022-02-15T06:25:36","slug":"sirenenalarm-am-07-01-2022","status":"publish","type":"post","link":"http:\/\/www.ff-liebenfels.at\/?p=1591","title":{"rendered":"Sirenenalarm am 07.01.2022"},"content":{"rendered":"\n<p>Am 07.01.2022 wurden wir um 07:32 Uhr von der LAWZ zu einem Brandeinsatz nach Pulst alarmiert.<br \/>Die urspr\u00fcngliche Einsatzmeldung lautete B2 (Brand Kamin\/Rauchfang), bei unserem Eintreffen stellten wir allerdings per W\u00e4rmebildkamera fest, dass von einem Zwischendeckenbrand ausgegangen werden konnte. Um an den Brandherd zu gelangen musste von uns ein T\u00fcrstock entfernt und in weiterer Folge eine Holzriegelwand mittels S\u00e4bels\u00e4ge und Brechwerkzeug ge\u00f6ffnet werden. Um zu den Glutnestern zu gelangen mussten noch weitere Teile der Wand und des Fu\u00dfbodens aufgeschnitten werden. Nach einer erneuten Kontrolle mittels W\u00e4rmebildkamera konnte Brandaus gegeben werden.<br \/>Wir r\u00fcckten gegen 09:00 Uhr wieder ein.<br \/>Im Einsatz standen:<br \/>FF Liebenfels mit TLFA 3000 und KLFA<br \/>PI St. Veit an der Glan<\/p>\n","protected":false},"excerpt":{"rendered":"<p>Am 07.01.2022 wurden wir um 07:32 Uhr von der LAWZ zu einem Brandeinsatz nach Pulst alarmiert.Die urspr\u00fcngliche Einsatzmeldung lautete B2 (Brand Kamin\/Rauchfang), bei unserem Eintreffen stellten wir allerdings per W\u00e4rmebildkamera [&hellip;]<\/p>\n","protected":false},"author":9,"featured_media":1098,"comment_status":"closed","ping_status":"open","sticky":false,"template":"","format":"standard","meta":{"_acf_changed":false,"footnotes":""},"categories":[8,4,3],"tags":[],"acf":[],"_links":{"self":[{"href":"http:\/\/www.ff-liebenfels.at\/index.php?rest_route=\/wp\/v2\/posts\/1591"}],"collection":[{"href":"http:\/\/www.ff-liebenfels.at\/index.php?rest_route=\/wp\/v2\/posts"}],"about":[{"href":"http:\/\/www.ff-liebenfels.at\/index.php?rest_route=\/wp\/v2\/types\/post"}],"author":[{"embeddable":true,"href":"http:\/\/www.ff-liebenfels.at\/index.php?rest_route=\/wp\/v2\/users\/9"}],"replies":[{"embeddable":true,"href":"http:\/\/www.ff-liebenfels.at\/index.php?rest_route=%2Fwp%2Fv2%2Fcomments&post=1591"}],"version-history":[{"count":5,"href":"http:\/\/www.ff-liebenfels.at\/index.php?rest_route=\/wp\/v2\/posts\/1591\/revisions"}],"predecessor-version":[{"id":1618,"href":"http:\/\/www.ff-liebenfels.at\/index.php?rest_route=\/wp\/v2\/posts\/1591\/revisions\/1618"}],"wp:featuredmedia":[{"embeddable":true,"href":"http:\/\/www.ff-liebenfels.at\/index.php?rest_route=\/wp\/v2\/media\/1098"}],"wp:attachment":[{"href":"http:\/\/www.ff-liebenfels.at\/index.php?rest_route=%2Fwp%2Fv2%2Fmedia&parent=1591"}],"wp:term":[{"taxonomy":"category","embeddable":true,"href":"http:\/\/www.ff-liebenfels.at\/index.php?rest_route=%2Fwp%2Fv2%2Fcategories&post=1591"},{"taxonomy":"post_tag","embeddable":true,"href":"http:\/\/www.ff-liebenfels.at\/index.php?rest_route=%2Fwp%2Fv2%2Ftags&post=1591"}],"curies":[{"name":"wp","href":"https:\/\/api.w.org\/{rel}","templated":true}]}}