{"id":1578,"date":"2022-01-07T11:53:19","date_gmt":"2022-01-07T10:53:19","guid":{"rendered":"http:\/\/www.ff-liebenfels.at\/?p=1578"},"modified":"2022-01-07T11:54:01","modified_gmt":"2022-01-07T10:54:01","slug":"sirenenalarme-am-06-01-2022","status":"publish","type":"post","link":"http:\/\/www.ff-liebenfels.at\/?p=1578","title":{"rendered":"Sirenenalarme am 06.01.2022"},"content":{"rendered":"\n<p>Am 06.01.2022 wurden wir auch noch um 12:00 Uhr, 14:05 Uhr und 17:01 Uhr auf die L68 Liemberger Landesstra\u00dfe zu einigen durch die Schneelast umgest\u00fcrzten B\u00e4umen alarmiert.<br \/>Wir standen im EInsatz mit: KLFA und MZF<\/p>\n","protected":false},"excerpt":{"rendered":"<p>Am 06.01.2022 wurden wir auch noch um 12:00 Uhr, 14:05 Uhr und 17:01 Uhr auf die L68 Liemberger Landesstra\u00dfe zu einigen durch die Schneelast umgest\u00fcrzten B\u00e4umen alarmiert.Wir standen im EInsatz [&hellip;]<\/p>\n","protected":false},"author":9,"featured_media":1100,"comment_status":"closed","ping_status":"open","sticky":false,"template":"","format":"standard","meta":{"_acf_changed":false,"footnotes":""},"categories":[8,3,5],"tags":[],"acf":[],"_links":{"self":[{"href":"http:\/\/www.ff-liebenfels.at\/index.php?rest_route=\/wp\/v2\/posts\/1578"}],"collection":[{"href":"http:\/\/www.ff-liebenfels.at\/index.php?rest_route=\/wp\/v2\/posts"}],"about":[{"href":"http:\/\/www.ff-liebenfels.at\/index.php?rest_route=\/wp\/v2\/types\/post"}],"author":[{"embeddable":true,"href":"http:\/\/www.ff-liebenfels.at\/index.php?rest_route=\/wp\/v2\/users\/9"}],"replies":[{"embeddable":true,"href":"http:\/\/www.ff-liebenfels.at\/index.php?rest_route=%2Fwp%2Fv2%2Fcomments&post=1578"}],"version-history":[{"count":4,"href":"http:\/\/www.ff-liebenfels.at\/index.php?rest_route=\/wp\/v2\/posts\/1578\/revisions"}],"predecessor-version":[{"id":1588,"href":"http:\/\/www.ff-liebenfels.at\/index.php?rest_route=\/wp\/v2\/posts\/1578\/revisions\/1588"}],"wp:featuredmedia":[{"embeddable":true,"href":"http:\/\/www.ff-liebenfels.at\/index.php?rest_route=\/wp\/v2\/media\/1100"}],"wp:attachment":[{"href":"http:\/\/www.ff-liebenfels.at\/index.php?rest_route=%2Fwp%2Fv2%2Fmedia&parent=1578"}],"wp:term":[{"taxonomy":"category","embeddable":true,"href":"http:\/\/www.ff-liebenfels.at\/index.php?rest_route=%2Fwp%2Fv2%2Fcategories&post=1578"},{"taxonomy":"post_tag","embeddable":true,"href":"http:\/\/www.ff-liebenfels.at\/index.php?rest_route=%2Fwp%2Fv2%2Ftags&post=1578"}],"curies":[{"name":"wp","href":"https:\/\/api.w.org\/{rel}","templated":true}]}}