{"id":1576,"date":"2022-01-07T11:45:55","date_gmt":"2022-01-07T10:45:55","guid":{"rendered":"http:\/\/www.ff-liebenfels.at\/?p=1576"},"modified":"2022-01-07T11:54:57","modified_gmt":"2022-01-07T10:54:57","slug":"hilfeleistung-am-06-01-2022","status":"publish","type":"post","link":"http:\/\/www.ff-liebenfels.at\/?p=1576","title":{"rendered":"Hilfeleistung am 06.01.2022"},"content":{"rendered":"\n<p>Nach einer kurzen Nacht wurden wir um 10:22 Uhr von einem Landwirt aus unserer Gemeinde telefonsch kontaktiert, um Ihn bei der Bergung seines Traktors zu unterst\u00fctzen. Dieser war bei Schneer\u00e4umarbeiten am eigenen Hof \u00fcber eine B\u00f6schung gerutscht. Der Traktor konnte nach gut 2 Stunden mittels Seilwinde von unserem TLFA 3000 geborgen werden. <br \/>Wir standen im Einsatz mit: TLFA 3000<\/p>\n","protected":false},"excerpt":{"rendered":"<p>Nach einer kurzen Nacht wurden wir um 10:22 Uhr von einem Landwirt aus unserer Gemeinde telefonsch kontaktiert, um Ihn bei der Bergung seines Traktors zu unterst\u00fctzen. Dieser war bei Schneer\u00e4umarbeiten [&hellip;]<\/p>\n","protected":false},"author":9,"featured_media":1099,"comment_status":"closed","ping_status":"open","sticky":false,"template":"","format":"standard","meta":{"_acf_changed":false,"footnotes":""},"categories":[8,3,5],"tags":[],"acf":[],"_links":{"self":[{"href":"http:\/\/www.ff-liebenfels.at\/index.php?rest_route=\/wp\/v2\/posts\/1576"}],"collection":[{"href":"http:\/\/www.ff-liebenfels.at\/index.php?rest_route=\/wp\/v2\/posts"}],"about":[{"href":"http:\/\/www.ff-liebenfels.at\/index.php?rest_route=\/wp\/v2\/types\/post"}],"author":[{"embeddable":true,"href":"http:\/\/www.ff-liebenfels.at\/index.php?rest_route=\/wp\/v2\/users\/9"}],"replies":[{"embeddable":true,"href":"http:\/\/www.ff-liebenfels.at\/index.php?rest_route=%2Fwp%2Fv2%2Fcomments&post=1576"}],"version-history":[{"count":4,"href":"http:\/\/www.ff-liebenfels.at\/index.php?rest_route=\/wp\/v2\/posts\/1576\/revisions"}],"predecessor-version":[{"id":1590,"href":"http:\/\/www.ff-liebenfels.at\/index.php?rest_route=\/wp\/v2\/posts\/1576\/revisions\/1590"}],"wp:featuredmedia":[{"embeddable":true,"href":"http:\/\/www.ff-liebenfels.at\/index.php?rest_route=\/wp\/v2\/media\/1099"}],"wp:attachment":[{"href":"http:\/\/www.ff-liebenfels.at\/index.php?rest_route=%2Fwp%2Fv2%2Fmedia&parent=1576"}],"wp:term":[{"taxonomy":"category","embeddable":true,"href":"http:\/\/www.ff-liebenfels.at\/index.php?rest_route=%2Fwp%2Fv2%2Fcategories&post=1576"},{"taxonomy":"post_tag","embeddable":true,"href":"http:\/\/www.ff-liebenfels.at\/index.php?rest_route=%2Fwp%2Fv2%2Ftags&post=1576"}],"curies":[{"name":"wp","href":"https:\/\/api.w.org\/{rel}","templated":true}]}}