{"id":1572,"date":"2022-01-07T11:43:51","date_gmt":"2022-01-07T10:43:51","guid":{"rendered":"http:\/\/www.ff-liebenfels.at\/?p=1572"},"modified":"2022-01-07T11:54:42","modified_gmt":"2022-01-07T10:54:42","slug":"sirenenalarm-am-06-01-2022","status":"publish","type":"post","link":"http:\/\/www.ff-liebenfels.at\/?p=1572","title":{"rendered":"Sirenenalarm am 06.01.2022"},"content":{"rendered":"\n<p>Nach dem Einr\u00fccken vom Brandeinsatz am 05.01.2022 wurden wir um 00:37 Uhr von der LAWZ zu einer Fahrzeugbergung unter 3,5 t auf die Gradenegger Gemeindestra\u00dfe kurz nach Glantschach alarmiert. Am Einsatzort angekommen, wurde festgestellt, dass kein Fahrzeug geborgen werden musste, sondern ein Rettungsdienst aufgrund mehrerer umgest\u00fcrzter B\u00e4ume nicht mehr weiterfahren konnte. Die B\u00e4ume wurden von uns entfernt und der Rettungsdienst konnte seine Fahrt fortsetzen. Kurz darauf mussten von uns noch weitere B\u00e4ume auf der Gradenegger Gemeindestra\u00dfe im Bereich Pflausach entfernt werden. Gegen 03:00 Uhr konnten wir wieder einr\u00fccken.<br \/>Wir standen im Einsatz mit: TLFA 3000 und KLFA<\/p>\n","protected":false},"excerpt":{"rendered":"<p>Nach dem Einr\u00fccken vom Brandeinsatz am 05.01.2022 wurden wir um 00:37 Uhr von der LAWZ zu einer Fahrzeugbergung unter 3,5 t auf die Gradenegger Gemeindestra\u00dfe kurz nach Glantschach alarmiert. Am [&hellip;]<\/p>\n","protected":false},"author":9,"featured_media":1100,"comment_status":"closed","ping_status":"open","sticky":false,"template":"","format":"standard","meta":{"_acf_changed":false,"footnotes":""},"categories":[8,3,5],"tags":[],"acf":[],"_links":{"self":[{"href":"http:\/\/www.ff-liebenfels.at\/index.php?rest_route=\/wp\/v2\/posts\/1572"}],"collection":[{"href":"http:\/\/www.ff-liebenfels.at\/index.php?rest_route=\/wp\/v2\/posts"}],"about":[{"href":"http:\/\/www.ff-liebenfels.at\/index.php?rest_route=\/wp\/v2\/types\/post"}],"author":[{"embeddable":true,"href":"http:\/\/www.ff-liebenfels.at\/index.php?rest_route=\/wp\/v2\/users\/9"}],"replies":[{"embeddable":true,"href":"http:\/\/www.ff-liebenfels.at\/index.php?rest_route=%2Fwp%2Fv2%2Fcomments&post=1572"}],"version-history":[{"count":5,"href":"http:\/\/www.ff-liebenfels.at\/index.php?rest_route=\/wp\/v2\/posts\/1572\/revisions"}],"predecessor-version":[{"id":1589,"href":"http:\/\/www.ff-liebenfels.at\/index.php?rest_route=\/wp\/v2\/posts\/1572\/revisions\/1589"}],"wp:featuredmedia":[{"embeddable":true,"href":"http:\/\/www.ff-liebenfels.at\/index.php?rest_route=\/wp\/v2\/media\/1100"}],"wp:attachment":[{"href":"http:\/\/www.ff-liebenfels.at\/index.php?rest_route=%2Fwp%2Fv2%2Fmedia&parent=1572"}],"wp:term":[{"taxonomy":"category","embeddable":true,"href":"http:\/\/www.ff-liebenfels.at\/index.php?rest_route=%2Fwp%2Fv2%2Fcategories&post=1572"},{"taxonomy":"post_tag","embeddable":true,"href":"http:\/\/www.ff-liebenfels.at\/index.php?rest_route=%2Fwp%2Fv2%2Ftags&post=1572"}],"curies":[{"name":"wp","href":"https:\/\/api.w.org\/{rel}","templated":true}]}}