{"id":1548,"date":"2021-12-12T12:04:15","date_gmt":"2021-12-12T11:04:15","guid":{"rendered":"http:\/\/www.ff-liebenfels.at\/?p=1548"},"modified":"2021-12-12T12:29:23","modified_gmt":"2021-12-12T11:29:23","slug":"stiller-alarm-am-12-12-2021","status":"publish","type":"post","link":"http:\/\/www.ff-liebenfels.at\/?p=1548","title":{"rendered":"Stiller Alarm am 12.12.2021"},"content":{"rendered":"\n<p>Um 08:29 wurden wir diesmal per stillem Alarm zu einem technischen Einsatz alarmiert.<br \/>Bereits zum sechsten Mal innerhalb der letzten 10 Tage, wurden wir zu einem umgest\u00fcrzten Baum auf der L68 Liemberger Landesstra\u00dfe alarmiert. Das &#8222;B\u00e4umchen&#8220; blockierte nur eine Stra\u00dfenseite und konnte von uns rasch entfernt werden.<br \/><br \/>Wir standen im Einsatz mit:<br \/>KLFA<br \/>MZF<\/p>\n","protected":false},"excerpt":{"rendered":"<p>Um 08:29 wurden wir diesmal per stillem Alarm zu einem technischen Einsatz alarmiert.Bereits zum sechsten Mal innerhalb der letzten 10 Tage, wurden wir zu einem umgest\u00fcrzten Baum auf der L68 [&hellip;]<\/p>\n","protected":false},"author":9,"featured_media":1100,"comment_status":"closed","ping_status":"open","sticky":false,"template":"","format":"standard","meta":{"_acf_changed":false,"footnotes":""},"categories":[8,3,5],"tags":[],"acf":[],"_links":{"self":[{"href":"http:\/\/www.ff-liebenfels.at\/index.php?rest_route=\/wp\/v2\/posts\/1548"}],"collection":[{"href":"http:\/\/www.ff-liebenfels.at\/index.php?rest_route=\/wp\/v2\/posts"}],"about":[{"href":"http:\/\/www.ff-liebenfels.at\/index.php?rest_route=\/wp\/v2\/types\/post"}],"author":[{"embeddable":true,"href":"http:\/\/www.ff-liebenfels.at\/index.php?rest_route=\/wp\/v2\/users\/9"}],"replies":[{"embeddable":true,"href":"http:\/\/www.ff-liebenfels.at\/index.php?rest_route=%2Fwp%2Fv2%2Fcomments&post=1548"}],"version-history":[{"count":3,"href":"http:\/\/www.ff-liebenfels.at\/index.php?rest_route=\/wp\/v2\/posts\/1548\/revisions"}],"predecessor-version":[{"id":1553,"href":"http:\/\/www.ff-liebenfels.at\/index.php?rest_route=\/wp\/v2\/posts\/1548\/revisions\/1553"}],"wp:featuredmedia":[{"embeddable":true,"href":"http:\/\/www.ff-liebenfels.at\/index.php?rest_route=\/wp\/v2\/media\/1100"}],"wp:attachment":[{"href":"http:\/\/www.ff-liebenfels.at\/index.php?rest_route=%2Fwp%2Fv2%2Fmedia&parent=1548"}],"wp:term":[{"taxonomy":"category","embeddable":true,"href":"http:\/\/www.ff-liebenfels.at\/index.php?rest_route=%2Fwp%2Fv2%2Fcategories&post=1548"},{"taxonomy":"post_tag","embeddable":true,"href":"http:\/\/www.ff-liebenfels.at\/index.php?rest_route=%2Fwp%2Fv2%2Ftags&post=1548"}],"curies":[{"name":"wp","href":"https:\/\/api.w.org\/{rel}","templated":true}]}}