{"id":1538,"date":"2021-12-11T17:35:08","date_gmt":"2021-12-11T16:35:08","guid":{"rendered":"http:\/\/www.ff-liebenfels.at\/?p=1538"},"modified":"2021-12-12T11:18:18","modified_gmt":"2021-12-12T10:18:18","slug":"sirenenalarm-09-12-2021","status":"publish","type":"post","link":"http:\/\/www.ff-liebenfels.at\/?p=1538","title":{"rendered":"Sirenenalarm am 09.12.2021"},"content":{"rendered":"\n<p>Am 09.12.2021 wurden wir von der LAWZ um 11:53 und um 14:11 zu technischen Eins\u00e4tzen alarmiert.<br \/>Erneut lauteten die Einsatzmeldungen Baum auf Fahrbahn auf der L 68 Liemberger Landesstra\u00dfe. Wegen der zu hohen Gefahr von weiteren umst\u00fcrzenden B\u00e4ume wurde die L 68 von der Landesstra\u00dfenverwaltung bis zur vollst\u00e4ndigen Aufarbeitung f\u00fcr den gesamten Verkehr gesperrt.\u00a0\u00a0<br \/><br \/>Wir standen im Einsatz mit:<\/p>\n<p>KLFA<\/p>\n","protected":false},"excerpt":{"rendered":"<p>Am 09.12.2021 wurden wir von der LAWZ um 11:53 und um 14:11 zu technischen Eins\u00e4tzen alarmiert.Erneut lauteten die Einsatzmeldungen Baum auf Fahrbahn auf der L 68 Liemberger Landesstra\u00dfe. Wegen der [&hellip;]<\/p>\n","protected":false},"author":9,"featured_media":1100,"comment_status":"closed","ping_status":"open","sticky":false,"template":"","format":"standard","meta":{"_acf_changed":false,"footnotes":""},"categories":[8,3,5],"tags":[],"acf":[],"_links":{"self":[{"href":"http:\/\/www.ff-liebenfels.at\/index.php?rest_route=\/wp\/v2\/posts\/1538"}],"collection":[{"href":"http:\/\/www.ff-liebenfels.at\/index.php?rest_route=\/wp\/v2\/posts"}],"about":[{"href":"http:\/\/www.ff-liebenfels.at\/index.php?rest_route=\/wp\/v2\/types\/post"}],"author":[{"embeddable":true,"href":"http:\/\/www.ff-liebenfels.at\/index.php?rest_route=\/wp\/v2\/users\/9"}],"replies":[{"embeddable":true,"href":"http:\/\/www.ff-liebenfels.at\/index.php?rest_route=%2Fwp%2Fv2%2Fcomments&post=1538"}],"version-history":[{"count":6,"href":"http:\/\/www.ff-liebenfels.at\/index.php?rest_route=\/wp\/v2\/posts\/1538\/revisions"}],"predecessor-version":[{"id":1546,"href":"http:\/\/www.ff-liebenfels.at\/index.php?rest_route=\/wp\/v2\/posts\/1538\/revisions\/1546"}],"wp:featuredmedia":[{"embeddable":true,"href":"http:\/\/www.ff-liebenfels.at\/index.php?rest_route=\/wp\/v2\/media\/1100"}],"wp:attachment":[{"href":"http:\/\/www.ff-liebenfels.at\/index.php?rest_route=%2Fwp%2Fv2%2Fmedia&parent=1538"}],"wp:term":[{"taxonomy":"category","embeddable":true,"href":"http:\/\/www.ff-liebenfels.at\/index.php?rest_route=%2Fwp%2Fv2%2Fcategories&post=1538"},{"taxonomy":"post_tag","embeddable":true,"href":"http:\/\/www.ff-liebenfels.at\/index.php?rest_route=%2Fwp%2Fv2%2Ftags&post=1538"}],"curies":[{"name":"wp","href":"https:\/\/api.w.org\/{rel}","templated":true}]}}