{"id":1523,"date":"2021-12-03T10:27:30","date_gmt":"2021-12-03T09:27:30","guid":{"rendered":"http:\/\/www.ff-liebenfels.at\/?p=1523"},"modified":"2021-12-12T11:18:41","modified_gmt":"2021-12-12T10:18:41","slug":"sirenenalarm-03-12-2021","status":"publish","type":"post","link":"http:\/\/www.ff-liebenfels.at\/?p=1523","title":{"rendered":"Sirenenalarm am 03.12.2021"},"content":{"rendered":"\n<p>Am 03.12.2021 um 04:21 wurden wir erneut zu einem technischen Einsatz (Baum auf Fahrbahn) auf die <br>L68 Liemberger Landesstra\u00dfe alarmiert. Aufgrund des Schneefalls fiel wieder kurz vor der Abzweigung Liemberg ein Baum auf die Stra\u00dfe. Diesmal wurde der Baum bei unserem Eintreffen aber bereits von der Stra\u00dfenmeisterei entfernt.<br>Somit war ein Einschreiten der Feuerwehr nicht mehr notwendig.<br><br>Wir standen im Einsatz mit:<br>KLFA<\/p>\n","protected":false},"excerpt":{"rendered":"<p>Am 03.12.2021 um 04:21 wurden wir erneut zu einem technischen Einsatz (Baum auf Fahrbahn) auf die L68 Liemberger Landesstra\u00dfe alarmiert. Aufgrund des Schneefalls fiel wieder kurz vor der Abzweigung Liemberg [&hellip;]<\/p>\n","protected":false},"author":9,"featured_media":1100,"comment_status":"closed","ping_status":"open","sticky":false,"template":"","format":"standard","meta":{"_acf_changed":false,"footnotes":""},"categories":[8,3,5],"tags":[],"acf":[],"_links":{"self":[{"href":"http:\/\/www.ff-liebenfels.at\/index.php?rest_route=\/wp\/v2\/posts\/1523"}],"collection":[{"href":"http:\/\/www.ff-liebenfels.at\/index.php?rest_route=\/wp\/v2\/posts"}],"about":[{"href":"http:\/\/www.ff-liebenfels.at\/index.php?rest_route=\/wp\/v2\/types\/post"}],"author":[{"embeddable":true,"href":"http:\/\/www.ff-liebenfels.at\/index.php?rest_route=\/wp\/v2\/users\/9"}],"replies":[{"embeddable":true,"href":"http:\/\/www.ff-liebenfels.at\/index.php?rest_route=%2Fwp%2Fv2%2Fcomments&post=1523"}],"version-history":[{"count":5,"href":"http:\/\/www.ff-liebenfels.at\/index.php?rest_route=\/wp\/v2\/posts\/1523\/revisions"}],"predecessor-version":[{"id":1547,"href":"http:\/\/www.ff-liebenfels.at\/index.php?rest_route=\/wp\/v2\/posts\/1523\/revisions\/1547"}],"wp:featuredmedia":[{"embeddable":true,"href":"http:\/\/www.ff-liebenfels.at\/index.php?rest_route=\/wp\/v2\/media\/1100"}],"wp:attachment":[{"href":"http:\/\/www.ff-liebenfels.at\/index.php?rest_route=%2Fwp%2Fv2%2Fmedia&parent=1523"}],"wp:term":[{"taxonomy":"category","embeddable":true,"href":"http:\/\/www.ff-liebenfels.at\/index.php?rest_route=%2Fwp%2Fv2%2Fcategories&post=1523"},{"taxonomy":"post_tag","embeddable":true,"href":"http:\/\/www.ff-liebenfels.at\/index.php?rest_route=%2Fwp%2Fv2%2Ftags&post=1523"}],"curies":[{"name":"wp","href":"https:\/\/api.w.org\/{rel}","templated":true}]}}