{"id":1404,"date":"2021-07-28T12:24:23","date_gmt":"2021-07-28T10:24:23","guid":{"rendered":"http:\/\/www.ff-liebenfels.at\/?p=1404"},"modified":"2021-07-28T12:24:24","modified_gmt":"2021-07-28T10:24:24","slug":"sirenenalarm-am-26-7-2021","status":"publish","type":"post","link":"http:\/\/www.ff-liebenfels.at\/?p=1404","title":{"rendered":"Sirenenalarm am 26.7.2021"},"content":{"rendered":"\n<div>Am 26.07.2021, um 18.08 Uhr, wurden wir aufgrund schwerer Sturmsch\u00e4den im Gemeindegebiet Liebenfels, speziell im Bereich Glantschach und St. Leonhard, per Sirene alarmiert. Entwurzelte B\u00e4ume besch\u00e4digten eine Stromleitung von &#8222;K\u00e4rnten Netz&#8220;, was zu einem Versorgungsausfall bis kurz nach Mitternacht f\u00fchrte. Zu diesem Zwecke wurden von uns mehrere B\u00e4ume entfernt und in der Folge die Monteure von &#8222;K\u00e4rnten Netz&#8220; durch Ausleuchten der Schadensstellen unterst\u00fctzt.<\/div>\n<div>In St. Leonhard selbst wurden durch den starken Sturm unz\u00e4hlige B\u00e4ume entwurzelt und von uns Verkehrswege und Hauszufahrten gemeinsam mit Helfern aus der \u00f6rtlichen Bev\u00f6lkerung freigemacht.\u00a0<\/div>\n<div>Um ca. 20.45 Uhr r\u00fcckten wir wieder ins R\u00fcsthaus ein und konnten die Einsatzbereitschaft herstellen.<\/div>\n<div>\u00a0<\/div>\n<div>Wir standen im Einsatz mit:<br \/>TLFA, KLFA, MZF<\/div>\n","protected":false},"excerpt":{"rendered":"<p>Am 26.07.2021, um 18.08 Uhr, wurden wir aufgrund schwerer Sturmsch\u00e4den im Gemeindegebiet Liebenfels, speziell im Bereich Glantschach und St. Leonhard, per Sirene alarmiert. Entwurzelte B\u00e4ume besch\u00e4digten eine Stromleitung von &#8222;K\u00e4rnten [&hellip;]<\/p>\n","protected":false},"author":9,"featured_media":1100,"comment_status":"closed","ping_status":"open","sticky":false,"template":"","format":"standard","meta":{"_acf_changed":false,"footnotes":""},"categories":[8,3,5],"tags":[],"acf":[],"_links":{"self":[{"href":"http:\/\/www.ff-liebenfels.at\/index.php?rest_route=\/wp\/v2\/posts\/1404"}],"collection":[{"href":"http:\/\/www.ff-liebenfels.at\/index.php?rest_route=\/wp\/v2\/posts"}],"about":[{"href":"http:\/\/www.ff-liebenfels.at\/index.php?rest_route=\/wp\/v2\/types\/post"}],"author":[{"embeddable":true,"href":"http:\/\/www.ff-liebenfels.at\/index.php?rest_route=\/wp\/v2\/users\/9"}],"replies":[{"embeddable":true,"href":"http:\/\/www.ff-liebenfels.at\/index.php?rest_route=%2Fwp%2Fv2%2Fcomments&post=1404"}],"version-history":[{"count":3,"href":"http:\/\/www.ff-liebenfels.at\/index.php?rest_route=\/wp\/v2\/posts\/1404\/revisions"}],"predecessor-version":[{"id":1413,"href":"http:\/\/www.ff-liebenfels.at\/index.php?rest_route=\/wp\/v2\/posts\/1404\/revisions\/1413"}],"wp:featuredmedia":[{"embeddable":true,"href":"http:\/\/www.ff-liebenfels.at\/index.php?rest_route=\/wp\/v2\/media\/1100"}],"wp:attachment":[{"href":"http:\/\/www.ff-liebenfels.at\/index.php?rest_route=%2Fwp%2Fv2%2Fmedia&parent=1404"}],"wp:term":[{"taxonomy":"category","embeddable":true,"href":"http:\/\/www.ff-liebenfels.at\/index.php?rest_route=%2Fwp%2Fv2%2Fcategories&post=1404"},{"taxonomy":"post_tag","embeddable":true,"href":"http:\/\/www.ff-liebenfels.at\/index.php?rest_route=%2Fwp%2Fv2%2Ftags&post=1404"}],"curies":[{"name":"wp","href":"https:\/\/api.w.org\/{rel}","templated":true}]}}