{"id":1380,"date":"2021-07-17T08:57:30","date_gmt":"2021-07-17T06:57:30","guid":{"rendered":"http:\/\/www.ff-liebenfels.at\/?p=1380"},"modified":"2021-07-17T09:21:20","modified_gmt":"2021-07-17T07:21:20","slug":"sirenenalarm-am-15-07-2021","status":"publish","type":"post","link":"http:\/\/www.ff-liebenfels.at\/?p=1380","title":{"rendered":"Sirenenalarm am 15.07.2021"},"content":{"rendered":"\n<div>Am 15.07.2021 um 13.54 Uhr wurden wir zu einem brennenden M\u00e4hdrescher unmittelbar hinter Rohnsdorf alarmiert. Bei unserem Eintreffen war die FF Zweikirchen bereits mit den ersten L\u00f6scharbeiten besch\u00e4ftigt. Durch uns wurde mittels Hochdruckrohr vorgegangen und so konnte der Brand des riesigen, teuren M\u00e4hdreschers in kurzer Zeit einged\u00e4mmt werden. Erschwert wurden die L\u00f6scharbeiten durch die teilweise sehr schlecht zug\u00e4nglichen Bereiche im Inneren des M\u00e4hdreschers. Als auch noch die FF Glanegg-Maria Feicht mit einem Hochdruckrohr einen Angriff startete, konnte der Brand rasch abgel\u00f6scht werden.<\/div>\n<div>Kurz nach Beendigung der L\u00f6scharbeiten wurde durch unseren Kommandanten festgestellt, dass massiv Dieselkraftstoff aus dem Tank austrat (Inhalt ca. 700 l Diesel). Aus diesem Grunde wurde das GSF der FF St. Veit\/Glan nachalarmiert. Durch diese konnte ein gro\u00dfer Teil des Kraftstoffs abgepumpt werden. Zu diesem Zwecke musste der Tank mittels S\u00e4bels\u00e4ge ge\u00f6ffnet werden. Trotz der rasch eingeleiteten Gegenma\u00dfnahmen versickerte eine gr\u00f6\u00dfere Menge Diesel im Ackerboden und so ordnete der verst\u00e4ndigte Chemiker der K\u00e4rntner Landesregierung die Abtragung des konterminierten Bereiches an.\u00a0<\/div>\n<div>Um an den kontaminierten Bereich zu gelangen musste der M\u00e4hdrescher durch uns mittels Seilwinde aus diesem Bereich gezogen werden. Es war dies der erste Einsatz unserer Seilwinde am TLFA 3000.<\/div>\n<div>Um ca. 18.30 Uhr konnten wir vom Einsatzort abr\u00fccken und die Einsatzbereitschaft herstellen.<\/div>\n<div>\u00a0<\/div>\n<div>\n<div tabindex=\"-1\">\n<div tabindex=\"0\" aria-label=\"Nachrichteninhalt\" aria-selected=\"true\">\n<div>\n<div class=\"_rp_f5\" tabindex=\"-1\" aria-label=\"Erweiterte Nachrichteninhalte\">\n<div class=\"_rp_R4 ms-border-color-neutralLight ShowConsesusSchedulingLink ShowReferenceAttachmentsLinks\" tabindex=\"-1\">\n<div class=\"_rp_45 _rp_35\">\n<div role=\"document\">\n<div id=\"Item.MessagePartBody\" class=\"_rp_T4\">\n<div id=\"Item.MessageUniqueBody\" class=\"_rp_U4 ms-font-weight-regular ms-font-color-neutralDark rpHighlightAllClass rpHighlightBodyClass\">\n<div class=\"rps_a474\">\n<div>\n<div>\n<div>\n<div>Im Einsatz standen:<\/div>\n<div>FF Glanegg-Maria Feicht<\/div>\n<div>FF W\u00f6lfnitz<\/div>\n<div>FF Zweikirchen<\/div>\n<div>FF St. Veit\/Glan<\/div>\n<div>FF Liebenfels mit TLFA und KLFA<\/div>\n<div>\u00a0<\/div>\n<div>Polizei St.Veit\/Glan<\/div>\n<div>Rotes Kreuz<\/div>\n<\/div>\n<\/div>\n<\/div>\n<\/div>\n<\/div>\n<\/div>\n<div class=\"_pe_d _pe_62\" tabindex=\"-1\" aria-expanded=\"false\" aria-haspopup=\"false\">\u00a0<\/div>\n<\/div>\n<div class=\"_rp_Z4\">\u00a0<\/div>\n<\/div>\n<\/div>\n<\/div>\n<\/div>\n<\/div>\n<\/div>\n<div class=\"_rp_j\" tabindex=\"-1\">\u00a0<\/div>\n<\/div>\n<div>\u00a0<\/div>\n","protected":false},"excerpt":{"rendered":"<p>Am 15.07.2021 um 13.54 Uhr wurden wir zu einem brennenden M\u00e4hdrescher unmittelbar hinter Rohnsdorf alarmiert. Bei unserem Eintreffen war die FF Zweikirchen bereits mit den ersten L\u00f6scharbeiten besch\u00e4ftigt. Durch uns [&hellip;]<\/p>\n","protected":false},"author":9,"featured_media":1098,"comment_status":"closed","ping_status":"open","sticky":false,"template":"","format":"standard","meta":{"_acf_changed":false,"footnotes":""},"categories":[8,4,3],"tags":[],"acf":[],"_links":{"self":[{"href":"http:\/\/www.ff-liebenfels.at\/index.php?rest_route=\/wp\/v2\/posts\/1380"}],"collection":[{"href":"http:\/\/www.ff-liebenfels.at\/index.php?rest_route=\/wp\/v2\/posts"}],"about":[{"href":"http:\/\/www.ff-liebenfels.at\/index.php?rest_route=\/wp\/v2\/types\/post"}],"author":[{"embeddable":true,"href":"http:\/\/www.ff-liebenfels.at\/index.php?rest_route=\/wp\/v2\/users\/9"}],"replies":[{"embeddable":true,"href":"http:\/\/www.ff-liebenfels.at\/index.php?rest_route=%2Fwp%2Fv2%2Fcomments&post=1380"}],"version-history":[{"count":10,"href":"http:\/\/www.ff-liebenfels.at\/index.php?rest_route=\/wp\/v2\/posts\/1380\/revisions"}],"predecessor-version":[{"id":1400,"href":"http:\/\/www.ff-liebenfels.at\/index.php?rest_route=\/wp\/v2\/posts\/1380\/revisions\/1400"}],"wp:featuredmedia":[{"embeddable":true,"href":"http:\/\/www.ff-liebenfels.at\/index.php?rest_route=\/wp\/v2\/media\/1098"}],"wp:attachment":[{"href":"http:\/\/www.ff-liebenfels.at\/index.php?rest_route=%2Fwp%2Fv2%2Fmedia&parent=1380"}],"wp:term":[{"taxonomy":"category","embeddable":true,"href":"http:\/\/www.ff-liebenfels.at\/index.php?rest_route=%2Fwp%2Fv2%2Fcategories&post=1380"},{"taxonomy":"post_tag","embeddable":true,"href":"http:\/\/www.ff-liebenfels.at\/index.php?rest_route=%2Fwp%2Fv2%2Ftags&post=1380"}],"curies":[{"name":"wp","href":"https:\/\/api.w.org\/{rel}","templated":true}]}}