{"id":1333,"date":"2021-06-28T10:35:15","date_gmt":"2021-06-28T08:35:15","guid":{"rendered":"http:\/\/www.ff-liebenfels.at\/?p=1333"},"modified":"2021-06-28T14:05:49","modified_gmt":"2021-06-28T12:05:49","slug":"sirenenalarm-am-28-06-2021","status":"publish","type":"post","link":"http:\/\/www.ff-liebenfels.at\/?p=1333","title":{"rendered":"Sirenenalarm am 28.06.2021"},"content":{"rendered":"\n<p>Am 28.06.2021 um 07:31 Uhr wurden wir zu einem Verkehrsunfall (T VU 2) auf die B94 Ossiacher Bundesstra\u00dfe alarmiert. Ein PKW wollte auf den Hauptplatz Liebenfels einbiegen, vermutlich \u00fcbersah die Lenkerin den entgegenkommenden PKW und es kam zum Zusammensto\u00df. Durch den Aufprall wurde auch ein drittes Fahrzeug sowie eine Hausfassade leicht besch\u00e4digt. Zumindest ein Kind wurde unbestimmten Grades verletzt und musste mit dem Rettungsdienst in das Krankenhaus gebracht werden. Die B94 war f\u00fcr fast eine Stunde gesperrt. Unsere Aufgabe bestand darin den Verkehr zu regeln, ausgelaufene Betriebsmittel zu binden sowie den Abschleppdienst bei der Bergung zu unterst\u00fctzten. Nachdem die Unfallstelle gereinigt war, konnte die B94 wieder f\u00fcr den Verkehr freigegeben werden. Gegen 08:30 Uhr konnten wir wieder einr\u00fccken.<br \/><br \/><\/p>\n<p>Im Einsatz standen: <br \/>FF Liebenfels mit TLFA, KLFA und MZF<br \/>Rotes Kreuz<br \/>PI St. Veit an der Glan<\/p>\n","protected":false},"excerpt":{"rendered":"<p>Am 28.06.2021 um 07:31 Uhr wurden wir zu einem Verkehrsunfall (T VU 2) auf die B94 Ossiacher Bundesstra\u00dfe alarmiert. Ein PKW wollte auf den Hauptplatz Liebenfels einbiegen, vermutlich \u00fcbersah die [&hellip;]<\/p>\n","protected":false},"author":9,"featured_media":1101,"comment_status":"closed","ping_status":"open","sticky":false,"template":"","format":"standard","meta":{"_acf_changed":false,"footnotes":""},"categories":[8,3,5],"tags":[],"acf":[],"_links":{"self":[{"href":"http:\/\/www.ff-liebenfels.at\/index.php?rest_route=\/wp\/v2\/posts\/1333"}],"collection":[{"href":"http:\/\/www.ff-liebenfels.at\/index.php?rest_route=\/wp\/v2\/posts"}],"about":[{"href":"http:\/\/www.ff-liebenfels.at\/index.php?rest_route=\/wp\/v2\/types\/post"}],"author":[{"embeddable":true,"href":"http:\/\/www.ff-liebenfels.at\/index.php?rest_route=\/wp\/v2\/users\/9"}],"replies":[{"embeddable":true,"href":"http:\/\/www.ff-liebenfels.at\/index.php?rest_route=%2Fwp%2Fv2%2Fcomments&post=1333"}],"version-history":[{"count":32,"href":"http:\/\/www.ff-liebenfels.at\/index.php?rest_route=\/wp\/v2\/posts\/1333\/revisions"}],"predecessor-version":[{"id":1371,"href":"http:\/\/www.ff-liebenfels.at\/index.php?rest_route=\/wp\/v2\/posts\/1333\/revisions\/1371"}],"wp:featuredmedia":[{"embeddable":true,"href":"http:\/\/www.ff-liebenfels.at\/index.php?rest_route=\/wp\/v2\/media\/1101"}],"wp:attachment":[{"href":"http:\/\/www.ff-liebenfels.at\/index.php?rest_route=%2Fwp%2Fv2%2Fmedia&parent=1333"}],"wp:term":[{"taxonomy":"category","embeddable":true,"href":"http:\/\/www.ff-liebenfels.at\/index.php?rest_route=%2Fwp%2Fv2%2Fcategories&post=1333"},{"taxonomy":"post_tag","embeddable":true,"href":"http:\/\/www.ff-liebenfels.at\/index.php?rest_route=%2Fwp%2Fv2%2Ftags&post=1333"}],"curies":[{"name":"wp","href":"https:\/\/api.w.org\/{rel}","templated":true}]}}