{"id":1288,"date":"2021-06-19T12:19:14","date_gmt":"2021-06-19T10:19:14","guid":{"rendered":"http:\/\/www.ff-liebenfels.at\/?p=1288"},"modified":"2021-06-24T13:12:13","modified_gmt":"2021-06-24T11:12:13","slug":"sirenenalarm-am-19-06-2021","status":"publish","type":"post","link":"http:\/\/www.ff-liebenfels.at\/?p=1288","title":{"rendered":"Sirenenalarm am 19.06.2021"},"content":{"rendered":"\n<p>Am 19.06.2021 um 06.16 Uhr wurden wir zu einem technischen Einsatz per Sirene alarmiert. Die Einsatzmeldung lautete Sicherungsma\u00dfnahmen &#8222;Fahrzeug auf Gleisanlage der \u00d6BB&#8220; zwischen Liebenfels und Glanegg. Tats\u00e4chlich war ein offensichtlich durch Alkohol beeintr\u00e4chtigter Fahrzeuglenker mit seinem Pkw auf den Schienenstrang geraten und nach mehreren hundert Metern Fahrt dort stecken geblieben. Die Bahnstrecke St.Veit\/Glan &#8211; Feldkirchen wurde gesperrt und nach Leitungsabschaltung der Pkw durch ein Abschleppunternehmen von den Gleisen gehoben und abtransportiert. Gegen 08.00 Uhr konnten wir wieder einr\u00fccken und die Einsatzbereitschaft herstellen.<\/p>\n<p>Im Einsatz standen:\u00a0<\/p>\n<p>FF Glanegg<br \/>FF Liebenfels mit TLFA 3000 und MZF<br \/>Polizei<br \/>\u00d6BB\u00a0<\/p>\n","protected":false},"excerpt":{"rendered":"<p>Am 19.06.2021 um 06.16 Uhr wurden wir zu einem technischen Einsatz per Sirene alarmiert. Die Einsatzmeldung lautete Sicherungsma\u00dfnahmen &#8222;Fahrzeug auf Gleisanlage der \u00d6BB&#8220; zwischen Liebenfels und Glanegg. Tats\u00e4chlich war ein [&hellip;]<\/p>\n","protected":false},"author":6,"featured_media":1087,"comment_status":"closed","ping_status":"open","sticky":false,"template":"","format":"standard","meta":{"_acf_changed":false,"footnotes":""},"categories":[8,3,5],"tags":[],"acf":[],"_links":{"self":[{"href":"http:\/\/www.ff-liebenfels.at\/index.php?rest_route=\/wp\/v2\/posts\/1288"}],"collection":[{"href":"http:\/\/www.ff-liebenfels.at\/index.php?rest_route=\/wp\/v2\/posts"}],"about":[{"href":"http:\/\/www.ff-liebenfels.at\/index.php?rest_route=\/wp\/v2\/types\/post"}],"author":[{"embeddable":true,"href":"http:\/\/www.ff-liebenfels.at\/index.php?rest_route=\/wp\/v2\/users\/6"}],"replies":[{"embeddable":true,"href":"http:\/\/www.ff-liebenfels.at\/index.php?rest_route=%2Fwp%2Fv2%2Fcomments&post=1288"}],"version-history":[{"count":6,"href":"http:\/\/www.ff-liebenfels.at\/index.php?rest_route=\/wp\/v2\/posts\/1288\/revisions"}],"predecessor-version":[{"id":1323,"href":"http:\/\/www.ff-liebenfels.at\/index.php?rest_route=\/wp\/v2\/posts\/1288\/revisions\/1323"}],"wp:featuredmedia":[{"embeddable":true,"href":"http:\/\/www.ff-liebenfels.at\/index.php?rest_route=\/wp\/v2\/media\/1087"}],"wp:attachment":[{"href":"http:\/\/www.ff-liebenfels.at\/index.php?rest_route=%2Fwp%2Fv2%2Fmedia&parent=1288"}],"wp:term":[{"taxonomy":"category","embeddable":true,"href":"http:\/\/www.ff-liebenfels.at\/index.php?rest_route=%2Fwp%2Fv2%2Fcategories&post=1288"},{"taxonomy":"post_tag","embeddable":true,"href":"http:\/\/www.ff-liebenfels.at\/index.php?rest_route=%2Fwp%2Fv2%2Ftags&post=1288"}],"curies":[{"name":"wp","href":"https:\/\/api.w.org\/{rel}","templated":true}]}}